{"id":9973,"date":"2022-06-13T10:11:19","date_gmt":"2022-06-13T13:11:19","guid":{"rendered":"https:\/\/acontecenafronteira.com.br\/?p=9973"},"modified":"2022-06-13T10:11:20","modified_gmt":"2022-06-13T13:11:20","slug":"milhares-de-pessoas-prestigiam-o-desfile-em-comemoracao-aos-108-anos-de-foz-do-iguacu","status":"publish","type":"post","link":"https:\/\/acontecenafronteira.com.br\/index.php\/2022\/06\/13\/milhares-de-pessoas-prestigiam-o-desfile-em-comemoracao-aos-108-anos-de-foz-do-iguacu\/","title":{"rendered":"Milhares de pessoas prestigiam o desfile em comemora\u00e7\u00e3o aos 108 anos de Foz do Igua\u00e7u"},"content":{"rendered":"\n<p>Homenagens \u00e0 cidade, apresenta\u00e7\u00f5es culturais, destaques esportivos e participa\u00e7\u00e3o das For\u00e7as Armadas marcaram a celebra\u00e7\u00e3o nesta sexta-feira (10)<\/p>\n\n\n\n<p><em>Foto: Thiago Dutra\/PMFI.<\/em><br><br>Nem mesmo a baixa temperatura registrada\u00a0 na manh\u00e3 desta sexta-feira (10), impediu a participa\u00e7\u00e3o de milhares de pessoas no Desfile C\u00edvico Militar em comemora\u00e7\u00e3o aos 108 anos de Foz do Igua\u00e7u.<br><br>O evento, realizado pela primeira vez entre as avenidas Jos\u00e9 Maria de Brito e Pedro Basso, contou tamb\u00e9m com a participa\u00e7\u00e3o de autoridades do Brasil e Paraguai, lideran\u00e7as religiosas e representantes de diversas entidades.\u00a0<br><br>\u201cEsses dois anos de pandemia nos impediram de realizar o desfile, por isso hoje \u00e9 um dia muito especial e foi muito aguardado. Quem vive em Foz e acredita no desenvolvimento dessa cidade est\u00e1 aqui hoje. \u00c9 uma data hist\u00f3rica, em que Foz se afirma como a cidade do progresso e uma cidade que acolhe a todos\u201d, disse o prefeito Chico Brasileiro.\u00a0<br><br>O desfile foi marcado por uma s\u00e9rie de homenagens, que come\u00e7aram com as escolas e Cmeis (Centros Municipais de Sa\u00fade) da rede municipal de ensino, que levaram para a avenida toda a beleza, a diversidade cultural, a fauna e a flora da regi\u00e3o.\u00a0<br><br>A Secretaria Municipal de Sa\u00fade tamb\u00e9m homenageou os profissionais que atuaram na linha de frente da Covid-19. Com a frase \u201cAl\u00e9m do dever, o amor \u00e0 vida\u201d, os servidores foram ovacionados na avenida pelo grande p\u00fablico.\u00a0<br><br>Os destaques esportivos em diversas categorias foram apresentados pela Secretaria de Esportes e Lazer, que fez uma das maiores participa\u00e7\u00f5es da hist\u00f3ria em desfile. Apresenta\u00e7\u00f5es de BMX e das patinadoras chamaram aten\u00e7\u00e3o dos moradores, que viram de perto todos os projetos desenvolvidos pela secretaria.\u00a0<br><br>Os dois col\u00e9gios do Paraguai \u2013 San Blas e Manuel Ortiz Guerreiro \u2013 levaram todo o brilho da cultura e da dan\u00e7a paraguaia, encantando autoridades e o p\u00fablico.<br><br>Como j\u00e1 \u00e9 tradi\u00e7\u00e3o, as For\u00e7as Militares fecharam o desfile, com a participa\u00e7\u00e3o do Ex\u00e9rcito, Marinha, Aeron\u00e1utica e os demais \u00f3rg\u00e3os que comp\u00f5em as for\u00e7as de seguran\u00e7a do munic\u00edpio.<\/p>\n\n\n\n<figure class=\"wp-block-gallery has-nested-images columns-default is-cropped wp-block-gallery-1 is-layout-flex wp-block-gallery-is-layout-flex\">\n<figure class=\"wp-block-image size-large is-style-default\"><img loading=\"lazy\" decoding=\"async\" width=\"799\" height=\"533\" data-id=\"9977\" src=\"https:\/\/acontecenafronteira.com.br\/wp-content\/uploads\/2022\/06\/WhatsApp-Image-2022-06-10-at-19.19.58.jpeg\" alt=\"\" class=\"wp-image-9977\" srcset=\"https:\/\/acontecenafronteira.com.br\/wp-content\/uploads\/2022\/06\/WhatsApp-Image-2022-06-10-at-19.19.58.jpeg 799w, https:\/\/acontecenafronteira.com.br\/wp-content\/uploads\/2022\/06\/WhatsApp-Image-2022-06-10-at-19.19.58-300x200.jpeg 300w, https:\/\/acontecenafronteira.com.br\/wp-content\/uploads\/2022\/06\/WhatsApp-Image-2022-06-10-at-19.19.58-768x512.jpeg 768w\" sizes=\"auto, (max-width: 799px) 100vw, 799px\" \/><\/figure>\n\n\n\n<figure class=\"wp-block-image size-large is-style-default\"><img loading=\"lazy\" decoding=\"async\" width=\"799\" height=\"533\" data-id=\"9980\" src=\"https:\/\/acontecenafronteira.com.br\/wp-content\/uploads\/2022\/06\/WhatsApp-Image-2022-06-10-at-19.19.57-2.jpeg\" alt=\"\" class=\"wp-image-9980\" srcset=\"https:\/\/acontecenafronteira.com.br\/wp-content\/uploads\/2022\/06\/WhatsApp-Image-2022-06-10-at-19.19.57-2.jpeg 799w, https:\/\/acontecenafronteira.com.br\/wp-content\/uploads\/2022\/06\/WhatsApp-Image-2022-06-10-at-19.19.57-2-300x200.jpeg 300w, https:\/\/acontecenafronteira.com.br\/wp-content\/uploads\/2022\/06\/WhatsApp-Image-2022-06-10-at-19.19.57-2-768x512.jpeg 768w\" sizes=\"auto, (max-width: 799px) 100vw, 799px\" \/><\/figure>\n\n\n\n<figure class=\"wp-block-image size-large is-style-default\"><img loading=\"lazy\" decoding=\"async\" width=\"799\" height=\"533\" data-id=\"9985\" src=\"https:\/\/acontecenafronteira.com.br\/wp-content\/uploads\/2022\/06\/WhatsApp-Image-2022-06-10-at-19.19.57-1.jpeg\" alt=\"\" class=\"wp-image-9985\" srcset=\"https:\/\/acontecenafronteira.com.br\/wp-content\/uploads\/2022\/06\/WhatsApp-Image-2022-06-10-at-19.19.57-1.jpeg 799w, https:\/\/acontecenafronteira.com.br\/wp-content\/uploads\/2022\/06\/WhatsApp-Image-2022-06-10-at-19.19.57-1-300x200.jpeg 300w, https:\/\/acontecenafronteira.com.br\/wp-content\/uploads\/2022\/06\/WhatsApp-Image-2022-06-10-at-19.19.57-1-768x512.jpeg 768w\" sizes=\"auto, (max-width: 799px) 100vw, 799px\" \/><\/figure>\n\n\n\n<figure class=\"wp-block-image size-large is-style-default\"><img loading=\"lazy\" decoding=\"async\" width=\"799\" height=\"533\" data-id=\"9976\" src=\"https:\/\/acontecenafronteira.com.br\/wp-content\/uploads\/2022\/06\/WhatsApp-Image-2022-06-10-at-19.19.57.jpeg\" alt=\"\" class=\"wp-image-9976\" srcset=\"https:\/\/acontecenafronteira.com.br\/wp-content\/uploads\/2022\/06\/WhatsApp-Image-2022-06-10-at-19.19.57.jpeg 799w, https:\/\/acontecenafronteira.com.br\/wp-content\/uploads\/2022\/06\/WhatsApp-Image-2022-06-10-at-19.19.57-300x200.jpeg 300w, https:\/\/acontecenafronteira.com.br\/wp-content\/uploads\/2022\/06\/WhatsApp-Image-2022-06-10-at-19.19.57-768x512.jpeg 768w\" sizes=\"auto, (max-width: 799px) 100vw, 799px\" \/><\/figure>\n\n\n\n<figure class=\"wp-block-image size-large is-style-default\"><img loading=\"lazy\" decoding=\"async\" width=\"799\" height=\"533\" data-id=\"9981\" src=\"https:\/\/acontecenafronteira.com.br\/wp-content\/uploads\/2022\/06\/WhatsApp-Image-2022-06-10-at-19.19.56-1.jpeg\" alt=\"\" class=\"wp-image-9981\" srcset=\"https:\/\/acontecenafronteira.com.br\/wp-content\/uploads\/2022\/06\/WhatsApp-Image-2022-06-10-at-19.19.56-1.jpeg 799w, https:\/\/acontecenafronteira.com.br\/wp-content\/uploads\/2022\/06\/WhatsApp-Image-2022-06-10-at-19.19.56-1-300x200.jpeg 300w, https:\/\/acontecenafronteira.com.br\/wp-content\/uploads\/2022\/06\/WhatsApp-Image-2022-06-10-at-19.19.56-1-768x512.jpeg 768w\" sizes=\"auto, (max-width: 799px) 100vw, 799px\" \/><\/figure>\n\n\n\n<figure class=\"wp-block-image size-large is-style-default\"><img loading=\"lazy\" decoding=\"async\" width=\"799\" height=\"533\" data-id=\"9982\" src=\"https:\/\/acontecenafronteira.com.br\/wp-content\/uploads\/2022\/06\/WhatsApp-Image-2022-06-10-at-19.19.56.jpeg\" alt=\"\" class=\"wp-image-9982\" srcset=\"https:\/\/acontecenafronteira.com.br\/wp-content\/uploads\/2022\/06\/WhatsApp-Image-2022-06-10-at-19.19.56.jpeg 799w, https:\/\/acontecenafronteira.com.br\/wp-content\/uploads\/2022\/06\/WhatsApp-Image-2022-06-10-at-19.19.56-300x200.jpeg 300w, https:\/\/acontecenafronteira.com.br\/wp-content\/uploads\/2022\/06\/WhatsApp-Image-2022-06-10-at-19.19.56-768x512.jpeg 768w\" sizes=\"auto, (max-width: 799px) 100vw, 799px\" \/><\/figure>\n\n\n\n<figure class=\"wp-block-image size-large is-style-default\"><img loading=\"lazy\" decoding=\"async\" width=\"799\" height=\"533\" data-id=\"9986\" src=\"https:\/\/acontecenafronteira.com.br\/wp-content\/uploads\/2022\/06\/WhatsApp-Image-2022-06-10-at-19.19.55-1.jpeg\" alt=\"\" class=\"wp-image-9986\" srcset=\"https:\/\/acontecenafronteira.com.br\/wp-content\/uploads\/2022\/06\/WhatsApp-Image-2022-06-10-at-19.19.55-1.jpeg 799w, https:\/\/acontecenafronteira.com.br\/wp-content\/uploads\/2022\/06\/WhatsApp-Image-2022-06-10-at-19.19.55-1-300x200.jpeg 300w, https:\/\/acontecenafronteira.com.br\/wp-content\/uploads\/2022\/06\/WhatsApp-Image-2022-06-10-at-19.19.55-1-768x512.jpeg 768w\" sizes=\"auto, (max-width: 799px) 100vw, 799px\" \/><\/figure>\n\n\n\n<figure class=\"wp-block-image size-large is-style-default\"><img loading=\"lazy\" decoding=\"async\" width=\"799\" height=\"533\" data-id=\"9983\" src=\"https:\/\/acontecenafronteira.com.br\/wp-content\/uploads\/2022\/06\/WhatsApp-Image-2022-06-10-at-19.19.55.jpeg\" alt=\"\" class=\"wp-image-9983\" srcset=\"https:\/\/acontecenafronteira.com.br\/wp-content\/uploads\/2022\/06\/WhatsApp-Image-2022-06-10-at-19.19.55.jpeg 799w, https:\/\/acontecenafronteira.com.br\/wp-content\/uploads\/2022\/06\/WhatsApp-Image-2022-06-10-at-19.19.55-300x200.jpeg 300w, https:\/\/acontecenafronteira.com.br\/wp-content\/uploads\/2022\/06\/WhatsApp-Image-2022-06-10-at-19.19.55-768x512.jpeg 768w\" sizes=\"auto, (max-width: 799px) 100vw, 799px\" \/><\/figure>\n\n\n\n<figure class=\"wp-block-image size-large is-style-default\"><img loading=\"lazy\" decoding=\"async\" width=\"799\" height=\"533\" data-id=\"9978\" src=\"https:\/\/acontecenafronteira.com.br\/wp-content\/uploads\/2022\/06\/WhatsApp-Image-2022-06-10-at-19.19.54-3.jpeg\" alt=\"\" class=\"wp-image-9978\" srcset=\"https:\/\/acontecenafronteira.com.br\/wp-content\/uploads\/2022\/06\/WhatsApp-Image-2022-06-10-at-19.19.54-3.jpeg 799w, https:\/\/acontecenafronteira.com.br\/wp-content\/uploads\/2022\/06\/WhatsApp-Image-2022-06-10-at-19.19.54-3-300x200.jpeg 300w, https:\/\/acontecenafronteira.com.br\/wp-content\/uploads\/2022\/06\/WhatsApp-Image-2022-06-10-at-19.19.54-3-768x512.jpeg 768w\" sizes=\"auto, (max-width: 799px) 100vw, 799px\" \/><\/figure>\n\n\n\n<figure class=\"wp-block-image size-large is-style-default\"><img loading=\"lazy\" decoding=\"async\" width=\"799\" height=\"533\" data-id=\"9984\" src=\"https:\/\/acontecenafronteira.com.br\/wp-content\/uploads\/2022\/06\/WhatsApp-Image-2022-06-10-at-19.19.54-2.jpeg\" alt=\"\" class=\"wp-image-9984\" srcset=\"https:\/\/acontecenafronteira.com.br\/wp-content\/uploads\/2022\/06\/WhatsApp-Image-2022-06-10-at-19.19.54-2.jpeg 799w, https:\/\/acontecenafronteira.com.br\/wp-content\/uploads\/2022\/06\/WhatsApp-Image-2022-06-10-at-19.19.54-2-300x200.jpeg 300w, https:\/\/acontecenafronteira.com.br\/wp-content\/uploads\/2022\/06\/WhatsApp-Image-2022-06-10-at-19.19.54-2-768x512.jpeg 768w\" sizes=\"auto, (max-width: 799px) 100vw, 799px\" \/><\/figure>\n\n\n\n<figure class=\"wp-block-image size-large is-style-default\"><img loading=\"lazy\" decoding=\"async\" width=\"799\" height=\"533\" data-id=\"9979\" src=\"https:\/\/acontecenafronteira.com.br\/wp-content\/uploads\/2022\/06\/WhatsApp-Image-2022-06-10-at-19.19.54-1.jpeg\" alt=\"\" class=\"wp-image-9979\" srcset=\"https:\/\/acontecenafronteira.com.br\/wp-content\/uploads\/2022\/06\/WhatsApp-Image-2022-06-10-at-19.19.54-1.jpeg 799w, https:\/\/acontecenafronteira.com.br\/wp-content\/uploads\/2022\/06\/WhatsApp-Image-2022-06-10-at-19.19.54-1-300x200.jpeg 300w, https:\/\/acontecenafronteira.com.br\/wp-content\/uploads\/2022\/06\/WhatsApp-Image-2022-06-10-at-19.19.54-1-768x512.jpeg 768w\" sizes=\"auto, (max-width: 799px) 100vw, 799px\" \/><\/figure>\n\n\n\n<figure class=\"wp-block-image size-large is-style-default\"><img loading=\"lazy\" decoding=\"async\" width=\"799\" height=\"533\" data-id=\"9975\" src=\"https:\/\/acontecenafronteira.com.br\/wp-content\/uploads\/2022\/06\/WhatsApp-Image-2022-06-10-at-19.19.54.jpeg\" alt=\"\" class=\"wp-image-9975\" srcset=\"https:\/\/acontecenafronteira.com.br\/wp-content\/uploads\/2022\/06\/WhatsApp-Image-2022-06-10-at-19.19.54.jpeg 799w, https:\/\/acontecenafronteira.com.br\/wp-content\/uploads\/2022\/06\/WhatsApp-Image-2022-06-10-at-19.19.54-300x200.jpeg 300w, https:\/\/acontecenafronteira.com.br\/wp-content\/uploads\/2022\/06\/WhatsApp-Image-2022-06-10-at-19.19.54-768x512.jpeg 768w\" sizes=\"auto, (max-width: 799px) 100vw, 799px\" \/><\/figure>\n\n\n\n<figure class=\"wp-block-image size-large is-style-default\"><img loading=\"lazy\" decoding=\"async\" width=\"799\" height=\"533\" data-id=\"9987\" src=\"https:\/\/acontecenafronteira.com.br\/wp-content\/uploads\/2022\/06\/WhatsApp-Image-2022-06-10-at-19.19.53.jpeg\" alt=\"\" class=\"wp-image-9987\" srcset=\"https:\/\/acontecenafronteira.com.br\/wp-content\/uploads\/2022\/06\/WhatsApp-Image-2022-06-10-at-19.19.53.jpeg 799w, https:\/\/acontecenafronteira.com.br\/wp-content\/uploads\/2022\/06\/WhatsApp-Image-2022-06-10-at-19.19.53-300x200.jpeg 300w, https:\/\/acontecenafronteira.com.br\/wp-content\/uploads\/2022\/06\/WhatsApp-Image-2022-06-10-at-19.19.53-768x512.jpeg 768w\" sizes=\"auto, (max-width: 799px) 100vw, 799px\" \/><\/figure>\n<\/figure>\n","protected":false},"excerpt":{"rendered":"<p>Homenagens \u00e0 cidade, apresenta\u00e7\u00f5es culturais, destaques esportivos e participa\u00e7\u00e3o das For\u00e7as Armadas marcaram a celebra\u00e7\u00e3o nesta sexta-feira (10) Foto: Thiago Dutra\/PMFI. Nem mesmo a baixa temperatura registrada\u00a0 na manh\u00e3 desta sexta-feira (10), impediu a participa\u00e7\u00e3o de milhares de pessoas no Desfile C\u00edvico Militar em comemora\u00e7\u00e3o aos 108 anos de Foz do Igua\u00e7u. O evento, realizado [&hellip;]<\/p>\n","protected":false},"author":2,"featured_media":9988,"comment_status":"open","ping_status":"open","sticky":false,"template":"","format":"standard","meta":{"om_disable_all_campaigns":false,"_monsterinsights_skip_tracking":false,"_monsterinsights_sitenote_active":false,"_monsterinsights_sitenote_note":"","_monsterinsights_sitenote_category":0,"footnotes":""},"categories":[4],"tags":[],"class_list":["post-9973","post","type-post","status-publish","format-standard","has-post-thumbnail","hentry","category-cidade"],"_links":{"self":[{"href":"https:\/\/acontecenafronteira.com.br\/index.php\/wp-json\/wp\/v2\/posts\/9973","targetHints":{"allow":["GET"]}}],"collection":[{"href":"https:\/\/acontecenafronteira.com.br\/index.php\/wp-json\/wp\/v2\/posts"}],"about":[{"href":"https:\/\/acontecenafronteira.com.br\/index.php\/wp-json\/wp\/v2\/types\/post"}],"author":[{"embeddable":true,"href":"https:\/\/acontecenafronteira.com.br\/index.php\/wp-json\/wp\/v2\/users\/2"}],"replies":[{"embeddable":true,"href":"https:\/\/acontecenafronteira.com.br\/index.php\/wp-json\/wp\/v2\/comments?post=9973"}],"version-history":[{"count":1,"href":"https:\/\/acontecenafronteira.com.br\/index.php\/wp-json\/wp\/v2\/posts\/9973\/revisions"}],"predecessor-version":[{"id":9989,"href":"https:\/\/acontecenafronteira.com.br\/index.php\/wp-json\/wp\/v2\/posts\/9973\/revisions\/9989"}],"wp:featuredmedia":[{"embeddable":true,"href":"https:\/\/acontecenafronteira.com.br\/index.php\/wp-json\/wp\/v2\/media\/9988"}],"wp:attachment":[{"href":"https:\/\/acontecenafronteira.com.br\/index.php\/wp-json\/wp\/v2\/media?parent=9973"}],"wp:term":[{"taxonomy":"category","embeddable":true,"href":"https:\/\/acontecenafronteira.com.br\/index.php\/wp-json\/wp\/v2\/categories?post=9973"},{"taxonomy":"post_tag","embeddable":true,"href":"https:\/\/acontecenafronteira.com.br\/index.php\/wp-json\/wp\/v2\/tags?post=9973"}],"curies":[{"name":"wp","href":"https:\/\/api.w.org\/{rel}","templated":true}]}}