{"id":9903,"date":"2022-06-10T18:36:21","date_gmt":"2022-06-10T21:36:21","guid":{"rendered":"https:\/\/acontecenafronteira.com.br\/?p=9903"},"modified":"2022-06-10T18:36:22","modified_gmt":"2022-06-10T21:36:22","slug":"prefeitura-trabalha-para-agilizar-processos-de-licenciamento-em-foz","status":"publish","type":"post","link":"https:\/\/acontecenafronteira.com.br\/index.php\/2022\/06\/10\/prefeitura-trabalha-para-agilizar-processos-de-licenciamento-em-foz\/","title":{"rendered":"Prefeitura trabalha para agilizar processos de licenciamento em Foz"},"content":{"rendered":"\n<p>Diretoria respons\u00e1vel pelo fluxo reuniu-se com representantes de empresas de consultorias ambientais com o objetivo de demonstrar inten\u00e7\u00e3o do poder p\u00fablico de maior agilidade aos processos, a fim de atrair potenciais investidores na cidade<\/p>\n\n\n\n<p><em>Foto: Thiago Dutra\/PMFI.<br><br><\/em>Como parte da programa\u00e7\u00e3o da Semana do Meio Ambiente da Prefeitura de Foz do Igua\u00e7u, organizada pela Secretaria Municipal do Meio Ambiente, a Diretoria de Licenciamento e Controle Ambiental reuniu-se nesta quinta-feira (09) com representantes do N\u00facleo de Consultorias Ambientais (Nucafi) e o Sebrae.<br><br>O encontro, que aconteceu na sede da Associa\u00e7\u00e3o Comercial e Empresarial (Acifi), teve como objetivo o estreitamento de rela\u00e7\u00f5es entre as empresas de consultorias ambientais que representam os empres\u00e1rios que est\u00e3o investindo em Foz do Igua\u00e7u e a Diretoria de Licenciamento Ambiental do Municipal, que tem por miss\u00e3o realizar a an\u00e1lise dos processos e libera\u00e7\u00e3o de autoriza\u00e7\u00f5es ambientais para as atividades de loteamentos, plano de gerenciamento de res\u00edduos s\u00f3lidos, plano de gerenciamento de res\u00edduos da constru\u00e7\u00e3o civil, entre outras autoriza\u00e7\u00f5es ambientais.&nbsp;<br><br>De acordo com o diretor de Licenciamento e Controle Ambiental, Jorge Luiz Pegoraro, essa aproxima\u00e7\u00e3o tem como meta melhorar o fluxo e a agiliza\u00e7\u00e3o dos processos de licenciamento ambiental no munic\u00edpio, bem como um melhor atendimento das diversas legisla\u00e7\u00f5es aplic\u00e1veis.&nbsp;&nbsp;<br><br>Pegoraro fez um balan\u00e7o positico da reuni\u00e3o. Segundo ele, o encontro foi oportuno e precisa ter continuidade, visando diminuir arestas entre o setor p\u00fablico, econ\u00f4mico e social da cidade.&nbsp;&nbsp;<br><br>\u201cO licenciamento ambiental n\u00e3o deve ser encarado como uma barreira para os investidores e seus empreendimentos, mas sim uma oportunidade de melhoria da qualidade ambiental dos projetos, elevando cada dia mais Foz do Igua\u00e7u no patamar de uma cidade realmente sustent\u00e1vel\u201d, destacou.<\/p>\n","protected":false},"excerpt":{"rendered":"<p>Diretoria respons\u00e1vel pelo fluxo reuniu-se com representantes de empresas de consultorias ambientais com o objetivo de demonstrar inten\u00e7\u00e3o do poder p\u00fablico de maior agilidade aos processos, a fim de atrair potenciais investidores na cidade Foto: Thiago Dutra\/PMFI. Como parte da programa\u00e7\u00e3o da Semana do Meio Ambiente da Prefeitura de Foz do Igua\u00e7u, organizada pela Secretaria [&hellip;]<\/p>\n","protected":false},"author":2,"featured_media":9905,"comment_status":"open","ping_status":"open","sticky":false,"template":"","format":"standard","meta":{"om_disable_all_campaigns":false,"_monsterinsights_skip_tracking":false,"_monsterinsights_sitenote_active":false,"_monsterinsights_sitenote_note":"","_monsterinsights_sitenote_category":0,"footnotes":""},"categories":[4],"tags":[],"class_list":["post-9903","post","type-post","status-publish","format-standard","has-post-thumbnail","hentry","category-cidade"],"_links":{"self":[{"href":"https:\/\/acontecenafronteira.com.br\/index.php\/wp-json\/wp\/v2\/posts\/9903","targetHints":{"allow":["GET"]}}],"collection":[{"href":"https:\/\/acontecenafronteira.com.br\/index.php\/wp-json\/wp\/v2\/posts"}],"about":[{"href":"https:\/\/acontecenafronteira.com.br\/index.php\/wp-json\/wp\/v2\/types\/post"}],"author":[{"embeddable":true,"href":"https:\/\/acontecenafronteira.com.br\/index.php\/wp-json\/wp\/v2\/users\/2"}],"replies":[{"embeddable":true,"href":"https:\/\/acontecenafronteira.com.br\/index.php\/wp-json\/wp\/v2\/comments?post=9903"}],"version-history":[{"count":1,"href":"https:\/\/acontecenafronteira.com.br\/index.php\/wp-json\/wp\/v2\/posts\/9903\/revisions"}],"predecessor-version":[{"id":9906,"href":"https:\/\/acontecenafronteira.com.br\/index.php\/wp-json\/wp\/v2\/posts\/9903\/revisions\/9906"}],"wp:featuredmedia":[{"embeddable":true,"href":"https:\/\/acontecenafronteira.com.br\/index.php\/wp-json\/wp\/v2\/media\/9905"}],"wp:attachment":[{"href":"https:\/\/acontecenafronteira.com.br\/index.php\/wp-json\/wp\/v2\/media?parent=9903"}],"wp:term":[{"taxonomy":"category","embeddable":true,"href":"https:\/\/acontecenafronteira.com.br\/index.php\/wp-json\/wp\/v2\/categories?post=9903"},{"taxonomy":"post_tag","embeddable":true,"href":"https:\/\/acontecenafronteira.com.br\/index.php\/wp-json\/wp\/v2\/tags?post=9903"}],"curies":[{"name":"wp","href":"https:\/\/api.w.org\/{rel}","templated":true}]}}