{"id":9823,"date":"2022-06-07T15:58:22","date_gmt":"2022-06-07T18:58:22","guid":{"rendered":"https:\/\/acontecenafronteira.com.br\/?p=9823"},"modified":"2022-06-07T15:58:23","modified_gmt":"2022-06-07T18:58:23","slug":"grupo-institucional-do-poder-publico-apresenta-melhorias-voltadas-aos-moradores-dos-residenciais-angatuba-boicy-i-e-ii","status":"publish","type":"post","link":"https:\/\/acontecenafronteira.com.br\/index.php\/2022\/06\/07\/grupo-institucional-do-poder-publico-apresenta-melhorias-voltadas-aos-moradores-dos-residenciais-angatuba-boicy-i-e-ii\/","title":{"rendered":"Grupo Institucional do Poder P\u00fablico apresenta melhorias voltadas aos moradores dos residenciais Angatuba, Boicy I e II"},"content":{"rendered":"\n<p>Reuni\u00e3o desta ter\u00e7a-feira (7) encerrou o grupo de trabalho montado em 2020 para garantir acesso a pol\u00edticas p\u00fablicas para as mais de mil fam\u00edlias que se mudaram para as resid\u00eancias<\/p>\n\n\n\n<p><em>Foto: Welyton Manoel\/PMFI.<\/em><br><br>Os integrantes do Grupo Institucional do Poder P\u00fablico (GIIP) realizaram, nesta ter\u00e7a-feira (7), a apresenta\u00e7\u00e3o das a\u00e7\u00f5es executadas para a regi\u00e3o da Gleba Guarani, onde foram constru\u00eddos os residenciais Angatuba, Boicy I e II. O encontro tamb\u00e9m encerrou as atividades do grupo, que iniciaram em 2020.<br><br>A equipe foi montada para acompanhar as demandas que surgiram com os empreendimentos, que garantiram o direito \u00e0 moradia para mais de mil fam\u00edlias. Os projetos eram voltados para as \u00e1reas de sa\u00fade, educa\u00e7\u00e3o, esporte e lazer, meio ambiente, assist\u00eancia social, seguran\u00e7a, mobilidade e transporte p\u00fablico.&nbsp;<br><br>\u201cO GIIP articula as diversas pol\u00edticas p\u00fablicas buscando garantir o acesso aos direitos sociais que comp\u00f5em os projetos de moradia, reunindo todas as secretarias para discuss\u00f5es frequentes sobre o que poderia ser adequado para garantir ou melhorar&nbsp; o acesso dos moradores aos diversos servi\u00e7os e equipamentos p\u00fablicos\u201d, disse Pamela Pecegueiro, assistente social do Instituto de Habita\u00e7\u00e3o de Foz do Igua\u00e7u \u2013 Fozhabita.<br><br><strong>Melhorias recebidas<br><br><\/strong>Entre as principais a\u00e7\u00f5es feitas, est\u00e1 a composi\u00e7\u00e3o da 3\u00aa equipe de Estrat\u00e9gia Sa\u00fade da Fam\u00edlia, com visitas frequentes aos pacientes acamados e domiciliados, al\u00e9m da Unidade Campestre, que oferece servi\u00e7os de sa\u00fade pr\u00f3ximos \u00e0 resid\u00eancia. As duas iniciativas s\u00e3o da Secretaria de Sa\u00fade.<br><br>J\u00e1 na \u00e1rea de Educa\u00e7\u00e3o, a Prefeitura reconstruiu a Escola Olavo Bilac e iniciou a constru\u00e7\u00e3o do Cmei Angatuba, o maior Centro Municipal de Educa\u00e7\u00e3o Infantil (Cmei) da cidade. O espa\u00e7o poder\u00e1 atender 360 crian\u00e7as de 6 meses a 5 anos em per\u00edodo parcial e integral.<br><br>Outra importante demanda que ser\u00e1 atendida est\u00e1 no transporte coletivo. O Instituto de Transportes e Tr\u00e2nsito de Foz do Igua\u00e7u \u2013 Foztrans ir\u00e1 refor\u00e7ar a linha 200 (Gleba Guarani), que ganhar\u00e1 um \u00f4nibus extra para atender durante o hor\u00e1rio de pico. Uma nova reorganiza\u00e7\u00e3o tamb\u00e9m ser\u00e1 feita para ampliar as linhas que realizam o transporte de alunos.<br><br>\u201cTemos ainda muitos projetos que ser\u00e3o implementados na regi\u00e3o em poucos meses, para garantir que os moradores tenham uma vida em comunidade cada vez mais digna. Essa parceria entre todas as \u00e1reas demonstra que o trabalho ser\u00e1 bem feito\u201d, destacou a superintendente do Fozhabita, Elaine Anderle.<br><br>\u201cConstruir moradias n\u00e3o se trata de um empreendimento, pois demanda um trabalho de muitos setores, para garantir que esses novos moradores tenham uma vida nova. Vimos esse projeto nascer, por isso \u00e9 um orgulho v\u00ea-lo com tantas realiza\u00e7\u00f5es\u201d, pontuou Ezio Luiz Lena, superintendente executivo de Governo Oeste do Paran\u00e1 da Caixa Econ\u00f4mica Federal.<\/p>\n","protected":false},"excerpt":{"rendered":"<p>Reuni\u00e3o desta ter\u00e7a-feira (7) encerrou o grupo de trabalho montado em 2020 para garantir acesso a pol\u00edticas p\u00fablicas para as mais de mil fam\u00edlias que se mudaram para as resid\u00eancias Foto: Welyton Manoel\/PMFI. Os integrantes do Grupo Institucional do Poder P\u00fablico (GIIP) realizaram, nesta ter\u00e7a-feira (7), a apresenta\u00e7\u00e3o das a\u00e7\u00f5es executadas para a regi\u00e3o da [&hellip;]<\/p>\n","protected":false},"author":2,"featured_media":9825,"comment_status":"open","ping_status":"open","sticky":false,"template":"","format":"standard","meta":{"om_disable_all_campaigns":false,"_monsterinsights_skip_tracking":false,"_monsterinsights_sitenote_active":false,"_monsterinsights_sitenote_note":"","_monsterinsights_sitenote_category":0,"footnotes":""},"categories":[4],"tags":[],"class_list":["post-9823","post","type-post","status-publish","format-standard","has-post-thumbnail","hentry","category-cidade"],"_links":{"self":[{"href":"https:\/\/acontecenafronteira.com.br\/index.php\/wp-json\/wp\/v2\/posts\/9823","targetHints":{"allow":["GET"]}}],"collection":[{"href":"https:\/\/acontecenafronteira.com.br\/index.php\/wp-json\/wp\/v2\/posts"}],"about":[{"href":"https:\/\/acontecenafronteira.com.br\/index.php\/wp-json\/wp\/v2\/types\/post"}],"author":[{"embeddable":true,"href":"https:\/\/acontecenafronteira.com.br\/index.php\/wp-json\/wp\/v2\/users\/2"}],"replies":[{"embeddable":true,"href":"https:\/\/acontecenafronteira.com.br\/index.php\/wp-json\/wp\/v2\/comments?post=9823"}],"version-history":[{"count":1,"href":"https:\/\/acontecenafronteira.com.br\/index.php\/wp-json\/wp\/v2\/posts\/9823\/revisions"}],"predecessor-version":[{"id":9826,"href":"https:\/\/acontecenafronteira.com.br\/index.php\/wp-json\/wp\/v2\/posts\/9823\/revisions\/9826"}],"wp:featuredmedia":[{"embeddable":true,"href":"https:\/\/acontecenafronteira.com.br\/index.php\/wp-json\/wp\/v2\/media\/9825"}],"wp:attachment":[{"href":"https:\/\/acontecenafronteira.com.br\/index.php\/wp-json\/wp\/v2\/media?parent=9823"}],"wp:term":[{"taxonomy":"category","embeddable":true,"href":"https:\/\/acontecenafronteira.com.br\/index.php\/wp-json\/wp\/v2\/categories?post=9823"},{"taxonomy":"post_tag","embeddable":true,"href":"https:\/\/acontecenafronteira.com.br\/index.php\/wp-json\/wp\/v2\/tags?post=9823"}],"curies":[{"name":"wp","href":"https:\/\/api.w.org\/{rel}","templated":true}]}}