{"id":9814,"date":"2022-06-07T15:56:01","date_gmt":"2022-06-07T18:56:01","guid":{"rendered":"https:\/\/acontecenafronteira.com.br\/?p=9814"},"modified":"2022-06-07T15:56:02","modified_gmt":"2022-06-07T18:56:02","slug":"foz-sedia-encontro-nacional-de-gestores-de-assistencia-social","status":"publish","type":"post","link":"https:\/\/acontecenafronteira.com.br\/index.php\/2022\/06\/07\/foz-sedia-encontro-nacional-de-gestores-de-assistencia-social\/","title":{"rendered":"Foz sedia encontro nacional de gestores de assist\u00eancia social"},"content":{"rendered":"\n<p>Mais de duas mil pessoas s\u00e3o esperadas no congresso que busca o fortalecimento e a amplia\u00e7\u00e3o de recursos federais ao Sistema \u00danico da Assist\u00eancia Social<\/p>\n\n\n\n<p>O secret\u00e1rio municipal de Assist\u00eancia Social, Elias de Sousa Oliveira, definiu em Curitiba os detalhes finais do XXII Encontro Nacional do Colegiado Nacional de Gestores de Assist\u00eancia Social (Congemas) que ser\u00e1 realizado a partir desta quarta-feira (8), at\u00e9 sexta-feira (10), em Foz do Igua\u00e7u.<br><br>&#8220;S\u00e3o v\u00e1rios pain\u00e9is e oficinas e duas confer\u00eancias, sobre o balan\u00e7o de atua\u00e7\u00e3o e as conquistas do Suas (Sistema \u00danico de Assist\u00eancia Social)&#8221;, disse Elias de Sousa Oliveira, presidente do Congemas e um dos palestrantes do encontro.<br><br>Um dos principais debates, segundo Elias Oliveira, est\u00e1 a garantia de or\u00e7amento autom\u00e1tico e regular para a assist\u00eancia social, o que \u00e9 previsto na PEC (proposta de emenda constitucional) em tr\u00e2mite no Congresso Nacional e que consolida, na pr\u00e1tica, o Suas no plano nacional. Hoje, os munic\u00edpios arcam com a maioria das despesas (90%) de \u00e1rea. &#8220;S\u00e3o os que mais sentem os efeitos da falta de financiamento, pois operam na ponta do sistema&#8221;, disse.<br><br>Elias de Oliveira alerta que o or\u00e7amento em 2014 ficou na casa dos R$ 3,6 bilh\u00f5es para a\u00e7\u00f5es e servi\u00e7os da assist\u00eancia social, enquanto hoje o or\u00e7amento \u00e9 de R$ 1,1 bilh\u00e3o. &#8220;Ainda estamos operando com a base de pactua\u00e7\u00e3o feita em 2014 e desde ent\u00e3o houve uma redu\u00e7\u00e3o que se aproxima dos 70% nos repasses\u201d.<br><br>Os esfor\u00e7os dos gestores na pandemia, reitera o secret\u00e1rio, garantiram o atendimento da rede socioassistencial para prover a seguran\u00e7a alimentar das fam\u00edlias e pessoas em situa\u00e7\u00e3o de vulnerabilidade. &#8220;O impacto da pandemia resultou no aumento da pobreza, das desigualdades, de pessoas em busca de atendimento nos Cras, Creas e outros equipamentos do Suas&#8221;.<br><br><strong>Fortalecimento<\/strong><br><br>O secret\u00e1rio estadual da Justi\u00e7a, Fam\u00edlia e Trabalho, Rog\u00e9rio Carboni, e o prefeito Chico Brasileiro v\u00e3o compor a mesa de abertura do encontro. Como principal meta, o congresso pretende estimular o aprimoramento e o fortalecimento da gest\u00e3o municipal do Suas, atrav\u00e9s da mobiliza\u00e7\u00e3o, articula\u00e7\u00e3o, orienta\u00e7\u00e3o e apoio t\u00e9cnico aos gestores, trabalhadores e conselheiros municipais de assist\u00eancia social.<br><br>\u201cTrata-se de um encontro que deve reunir duas mil pessoas envolvidas com a pol\u00edtica p\u00fablica de assist\u00eancia social. Esse evento certamente resultar\u00e1 em propostas, discuss\u00f5es e a\u00e7\u00f5es para fortalecer a pol\u00edtica de assist\u00eancia social no Brasil\u201d, disse Carboni. A Sejuf tera um estande no evento.<br><br>Al\u00e9m das duas confer\u00eancias, o encontro ter\u00e1 sete pain\u00e9is (com palestrantes), 10 oficinas e uma assembleia geral. &#8220;Al\u00e9m de oferecer excel\u00eancia t\u00e9cnica quanto aos conte\u00fados relacionados \u00e0 gest\u00e3o e trabalho social, temos a agenda em defesa do Suas como principal instrumento da legitima\u00e7\u00e3o do projeto de assist\u00eancia social amplo e universal, com financiamento p\u00fablico&#8221;, disse Elias de Oliveira..<br><br>O Congemas representa os munic\u00edpios junto ao governo federal &#8211; Minist\u00e9rio da Cidadania &#8211; e aos governos estaduais, para fortalecer a representa\u00e7\u00e3o municipal nos conselhos, comiss\u00f5es e colegiados que definem as pol\u00edticas e os recursos destinos \u00e0 assist\u00eancia social.<br><br><strong>Servi\u00e7o:<br><br><\/strong>XXII Encontro Nacional do Colegiado Nacional de Gestores de Assist\u00eancia Social&nbsp;<\/p>\n\n\n\n<p>Dias: 8 a 10 de junho (de quarta-feira \u00e0 sexta-feira)<\/p>\n\n\n\n<p>Hor\u00e1rio: das 8h \u00e0s 12h, das 14h \u00e0s 18h<\/p>\n\n\n\n<p>Local: Foz do Igua\u00e7u<\/p>\n\n\n\n<p>Endere\u00e7o: Hotel Rafain Palace &#8211; Avenida Ol\u00edmpio Rafagnin, 2357 &#8211; Parque Imperatriz<\/p>\n","protected":false},"excerpt":{"rendered":"<p>Mais de duas mil pessoas s\u00e3o esperadas no congresso que busca o fortalecimento e a amplia\u00e7\u00e3o de recursos federais ao Sistema \u00danico da Assist\u00eancia Social O secret\u00e1rio municipal de Assist\u00eancia Social, Elias de Sousa Oliveira, definiu em Curitiba os detalhes finais do XXII Encontro Nacional do Colegiado Nacional de Gestores de Assist\u00eancia Social (Congemas) que [&hellip;]<\/p>\n","protected":false},"author":2,"featured_media":9816,"comment_status":"open","ping_status":"open","sticky":false,"template":"","format":"standard","meta":{"om_disable_all_campaigns":false,"_monsterinsights_skip_tracking":false,"_monsterinsights_sitenote_active":false,"_monsterinsights_sitenote_note":"","_monsterinsights_sitenote_category":0,"footnotes":""},"categories":[4],"tags":[],"class_list":["post-9814","post","type-post","status-publish","format-standard","has-post-thumbnail","hentry","category-cidade"],"_links":{"self":[{"href":"https:\/\/acontecenafronteira.com.br\/index.php\/wp-json\/wp\/v2\/posts\/9814","targetHints":{"allow":["GET"]}}],"collection":[{"href":"https:\/\/acontecenafronteira.com.br\/index.php\/wp-json\/wp\/v2\/posts"}],"about":[{"href":"https:\/\/acontecenafronteira.com.br\/index.php\/wp-json\/wp\/v2\/types\/post"}],"author":[{"embeddable":true,"href":"https:\/\/acontecenafronteira.com.br\/index.php\/wp-json\/wp\/v2\/users\/2"}],"replies":[{"embeddable":true,"href":"https:\/\/acontecenafronteira.com.br\/index.php\/wp-json\/wp\/v2\/comments?post=9814"}],"version-history":[{"count":1,"href":"https:\/\/acontecenafronteira.com.br\/index.php\/wp-json\/wp\/v2\/posts\/9814\/revisions"}],"predecessor-version":[{"id":9817,"href":"https:\/\/acontecenafronteira.com.br\/index.php\/wp-json\/wp\/v2\/posts\/9814\/revisions\/9817"}],"wp:featuredmedia":[{"embeddable":true,"href":"https:\/\/acontecenafronteira.com.br\/index.php\/wp-json\/wp\/v2\/media\/9816"}],"wp:attachment":[{"href":"https:\/\/acontecenafronteira.com.br\/index.php\/wp-json\/wp\/v2\/media?parent=9814"}],"wp:term":[{"taxonomy":"category","embeddable":true,"href":"https:\/\/acontecenafronteira.com.br\/index.php\/wp-json\/wp\/v2\/categories?post=9814"},{"taxonomy":"post_tag","embeddable":true,"href":"https:\/\/acontecenafronteira.com.br\/index.php\/wp-json\/wp\/v2\/tags?post=9814"}],"curies":[{"name":"wp","href":"https:\/\/api.w.org\/{rel}","templated":true}]}}