{"id":9694,"date":"2022-06-06T10:34:25","date_gmt":"2022-06-06T13:34:25","guid":{"rendered":"https:\/\/acontecenafronteira.com.br\/?p=9694"},"modified":"2022-06-06T10:34:26","modified_gmt":"2022-06-06T13:34:26","slug":"prefeitura-adquire-dez-novos-onibus-para-o-transporte-escolar","status":"publish","type":"post","link":"https:\/\/acontecenafronteira.com.br\/index.php\/2022\/06\/06\/prefeitura-adquire-dez-novos-onibus-para-o-transporte-escolar\/","title":{"rendered":"Prefeitura adquire dez novos \u00f4nibus para o transporte escolar"},"content":{"rendered":"\n<p>Ve\u00edculos foram entregues nesta sexta-feira (03) \u00e0 Secretaria Municipal da Educa\u00e7\u00e3o; Investimento da prefeitura \u00e9 de R$ 4,3 milh\u00f5es<\/p>\n\n\n\n<p><em>Foto: Thiago Dutra\/PMFI.<\/em><br><br>A Secretaria Municipal da Educa\u00e7\u00e3o recebeu nesta sexta-feira (03) dez novos \u00f4nibus que ir\u00e3o ampliar a frota do transporte escolar da rede municipal de ensino, hoje composta por seis \u00f4nibus pr\u00f3prios. O Prefeito Chico Brasileiro, a secret\u00e1ria da educa\u00e7\u00e3o Maria Justina da Silva e servidores da pasta acompanharam a entrega, no Complexo Bordin.\u00a0<br><br>Com os novos \u00f4nibus adquiridos pela administra\u00e7\u00e3o municipal,\u00a0 ser\u00e1 poss\u00edvel melhorar a gest\u00e3o do transporte escolar e oferecer mais conforto e seguran\u00e7a aos alunos, j\u00e1 que todos s\u00e3o equipados com ar condicionado e c\u00e2meras de monitoramento internas, que ser\u00e3o interligadas ao sistema da Guarda Municipal.<br><br>Conforme explicou o prefeito, os novos ve\u00edculos dar\u00e3o maior autonomia ao munic\u00edpio, j\u00e1 que os alunos da rede municipal ser\u00e3o atendidos com \u00f4nibus pr\u00f3prios e n\u00e3o mais terceirizados.\u00a0Apenas as linhas que atendem as institui\u00e7\u00f5es de educa\u00e7\u00e3o especial e os col\u00e9gios estaduais ser\u00e3o mantidas por uma empresa terceirizada.<br><br>\u201cCom estes novos ve\u00edculos, encerraremos a terceiriza\u00e7\u00e3o do transporte para os alunos das escolas municipais. \u00c9 um grande investimento feito pela prefeitura e algo sonhado por muitos anos por toda a comunidade\u201d, disse Brasileiro. \u201cA prefeitura economiza e zela pelo dinheiro p\u00fablico e faz com que isso se reverta em benef\u00edcios para nossas crian\u00e7as e nossa educa\u00e7\u00e3o\u201d, afirmou.\u00a0<br><br>Os ve\u00edculos s\u00e3o da marca Volare WL. Modelo Fly 10, e atendem a todas as normas de seguran\u00e7a e acessibilidade. Dois s\u00e3o equipados com plataforma elevat\u00f3ria e possuem locais para cadeirantes com cinto de tr\u00eas pontas. Dos dez ve\u00edculos, oito t\u00eam capacidade para 52 crian\u00e7as e dois para 47 estudantes. O investimento da prefeitura foi de R$ 4,3 milh\u00f5es.<br><br><strong>Funcionamento<br><br><\/strong>Os ve\u00edculos receber\u00e3o emplacamento e vistoria do Detran e devem come\u00e7ar a rodar no m\u00eas de julho. O munic\u00edpio possui atualmente 27 linhas do transporte escolar, 6 com ve\u00edculos pr\u00f3prios e 21 linhas s\u00e3o operadas por uma empresa terceirizada para atender 1.200 alunos. Os novos ve\u00edculos v\u00e3o substituir parte da frota que hoje \u00e9 terceirizada, mantendo a contrata\u00e7\u00e3o do servi\u00e7o apenas para os alunos das institui\u00e7\u00f5es de educa\u00e7\u00e3o especial (APAE, ACDD e Nosso Canto) e em alguns col\u00e9gios da Rede Estadual (alunos residentes na \u00e1rea rural).<br><br>Atualmente 800 alunos da educa\u00e7\u00e3o especial s\u00e3o atendidos com transporte cedido pela prefeitura. O munic\u00edpio tamb\u00e9m reabastece com cr\u00e9dito estudantil os cart\u00f5es de 2.250 alunos dos Col\u00e9gios Estaduais.<\/p>\n\n\n\n<figure class=\"wp-block-gallery has-nested-images columns-default is-cropped wp-block-gallery-1 is-layout-flex wp-block-gallery-is-layout-flex\">\n<figure class=\"wp-block-image size-large is-style-default\"><img loading=\"lazy\" decoding=\"async\" width=\"799\" height=\"533\" data-id=\"9699\" src=\"https:\/\/acontecenafronteira.com.br\/wp-content\/uploads\/2022\/06\/WhatsApp-Image-2022-06-03-at-17.02.40.jpeg\" alt=\"\" class=\"wp-image-9699\" srcset=\"https:\/\/acontecenafronteira.com.br\/wp-content\/uploads\/2022\/06\/WhatsApp-Image-2022-06-03-at-17.02.40.jpeg?v=1654522460 799w, https:\/\/acontecenafronteira.com.br\/wp-content\/uploads\/2022\/06\/WhatsApp-Image-2022-06-03-at-17.02.40-300x200.jpeg?v=1654522460 300w, https:\/\/acontecenafronteira.com.br\/wp-content\/uploads\/2022\/06\/WhatsApp-Image-2022-06-03-at-17.02.40-768x512.jpeg?v=1654522460 768w\" sizes=\"auto, (max-width: 799px) 100vw, 799px\" \/><\/figure>\n\n\n\n<figure class=\"wp-block-image size-large is-style-default\"><img loading=\"lazy\" decoding=\"async\" width=\"799\" height=\"533\" data-id=\"9701\" src=\"https:\/\/acontecenafronteira.com.br\/wp-content\/uploads\/2022\/06\/WhatsApp-Image-2022-06-03-at-17.02.39.jpeg\" alt=\"\" class=\"wp-image-9701\" srcset=\"https:\/\/acontecenafronteira.com.br\/wp-content\/uploads\/2022\/06\/WhatsApp-Image-2022-06-03-at-17.02.39.jpeg?v=1654522460 799w, https:\/\/acontecenafronteira.com.br\/wp-content\/uploads\/2022\/06\/WhatsApp-Image-2022-06-03-at-17.02.39-300x200.jpeg?v=1654522460 300w, https:\/\/acontecenafronteira.com.br\/wp-content\/uploads\/2022\/06\/WhatsApp-Image-2022-06-03-at-17.02.39-768x512.jpeg?v=1654522460 768w\" sizes=\"auto, (max-width: 799px) 100vw, 799px\" \/><\/figure>\n\n\n\n<figure class=\"wp-block-image size-large is-style-default\"><img loading=\"lazy\" decoding=\"async\" width=\"799\" height=\"533\" data-id=\"9698\" src=\"https:\/\/acontecenafronteira.com.br\/wp-content\/uploads\/2022\/06\/WhatsApp-Image-2022-06-03-at-17.02.37-1.jpeg\" alt=\"\" class=\"wp-image-9698\" srcset=\"https:\/\/acontecenafronteira.com.br\/wp-content\/uploads\/2022\/06\/WhatsApp-Image-2022-06-03-at-17.02.37-1.jpeg?v=1654522460 799w, https:\/\/acontecenafronteira.com.br\/wp-content\/uploads\/2022\/06\/WhatsApp-Image-2022-06-03-at-17.02.37-1-300x200.jpeg?v=1654522460 300w, https:\/\/acontecenafronteira.com.br\/wp-content\/uploads\/2022\/06\/WhatsApp-Image-2022-06-03-at-17.02.37-1-768x512.jpeg?v=1654522460 768w\" sizes=\"auto, (max-width: 799px) 100vw, 799px\" \/><\/figure>\n\n\n\n<figure class=\"wp-block-image size-large is-style-default\"><img loading=\"lazy\" decoding=\"async\" width=\"799\" height=\"533\" data-id=\"9703\" src=\"https:\/\/acontecenafronteira.com.br\/wp-content\/uploads\/2022\/06\/WhatsApp-Image-2022-06-03-at-17.02.35-1.jpeg\" alt=\"\" class=\"wp-image-9703\" srcset=\"https:\/\/acontecenafronteira.com.br\/wp-content\/uploads\/2022\/06\/WhatsApp-Image-2022-06-03-at-17.02.35-1.jpeg?v=1654522460 799w, https:\/\/acontecenafronteira.com.br\/wp-content\/uploads\/2022\/06\/WhatsApp-Image-2022-06-03-at-17.02.35-1-300x200.jpeg?v=1654522460 300w, https:\/\/acontecenafronteira.com.br\/wp-content\/uploads\/2022\/06\/WhatsApp-Image-2022-06-03-at-17.02.35-1-768x512.jpeg?v=1654522460 768w\" sizes=\"auto, (max-width: 799px) 100vw, 799px\" \/><\/figure>\n\n\n\n<figure class=\"wp-block-image size-large is-style-default\"><img loading=\"lazy\" decoding=\"async\" width=\"799\" height=\"533\" data-id=\"9702\" src=\"https:\/\/acontecenafronteira.com.br\/wp-content\/uploads\/2022\/06\/WhatsApp-Image-2022-06-03-at-17.02.34.jpeg\" alt=\"\" class=\"wp-image-9702\" srcset=\"https:\/\/acontecenafronteira.com.br\/wp-content\/uploads\/2022\/06\/WhatsApp-Image-2022-06-03-at-17.02.34.jpeg?v=1654522460 799w, https:\/\/acontecenafronteira.com.br\/wp-content\/uploads\/2022\/06\/WhatsApp-Image-2022-06-03-at-17.02.34-300x200.jpeg?v=1654522460 300w, https:\/\/acontecenafronteira.com.br\/wp-content\/uploads\/2022\/06\/WhatsApp-Image-2022-06-03-at-17.02.34-768x512.jpeg?v=1654522460 768w\" sizes=\"auto, (max-width: 799px) 100vw, 799px\" \/><\/figure>\n\n\n\n<figure class=\"wp-block-image size-large is-style-default\"><img loading=\"lazy\" decoding=\"async\" width=\"799\" height=\"533\" data-id=\"9700\" src=\"https:\/\/acontecenafronteira.com.br\/wp-content\/uploads\/2022\/06\/WhatsApp-Image-2022-06-03-at-17.02.33.jpeg\" alt=\"\" class=\"wp-image-9700\" srcset=\"https:\/\/acontecenafronteira.com.br\/wp-content\/uploads\/2022\/06\/WhatsApp-Image-2022-06-03-at-17.02.33.jpeg?v=1654522460 799w, https:\/\/acontecenafronteira.com.br\/wp-content\/uploads\/2022\/06\/WhatsApp-Image-2022-06-03-at-17.02.33-300x200.jpeg?v=1654522460 300w, https:\/\/acontecenafronteira.com.br\/wp-content\/uploads\/2022\/06\/WhatsApp-Image-2022-06-03-at-17.02.33-768x512.jpeg?v=1654522460 768w\" sizes=\"auto, (max-width: 799px) 100vw, 799px\" \/><\/figure>\n<\/figure>\n","protected":false},"excerpt":{"rendered":"<p>Ve\u00edculos foram entregues nesta sexta-feira (03) \u00e0 Secretaria Municipal da Educa\u00e7\u00e3o; Investimento da prefeitura \u00e9 de R$ 4,3 milh\u00f5es Foto: Thiago Dutra\/PMFI. A Secretaria Municipal da Educa\u00e7\u00e3o recebeu nesta sexta-feira (03) dez novos \u00f4nibus que ir\u00e3o ampliar a frota do transporte escolar da rede municipal de ensino, hoje composta por seis \u00f4nibus pr\u00f3prios. O Prefeito [&hellip;]<\/p>\n","protected":false},"author":2,"featured_media":9697,"comment_status":"open","ping_status":"open","sticky":false,"template":"","format":"standard","meta":{"om_disable_all_campaigns":false,"_monsterinsights_skip_tracking":false,"_monsterinsights_sitenote_active":false,"_monsterinsights_sitenote_note":"","_monsterinsights_sitenote_category":0,"footnotes":""},"categories":[4,8],"tags":[],"class_list":["post-9694","post","type-post","status-publish","format-standard","has-post-thumbnail","hentry","category-cidade","category-educaca0"],"_links":{"self":[{"href":"https:\/\/acontecenafronteira.com.br\/index.php\/wp-json\/wp\/v2\/posts\/9694","targetHints":{"allow":["GET"]}}],"collection":[{"href":"https:\/\/acontecenafronteira.com.br\/index.php\/wp-json\/wp\/v2\/posts"}],"about":[{"href":"https:\/\/acontecenafronteira.com.br\/index.php\/wp-json\/wp\/v2\/types\/post"}],"author":[{"embeddable":true,"href":"https:\/\/acontecenafronteira.com.br\/index.php\/wp-json\/wp\/v2\/users\/2"}],"replies":[{"embeddable":true,"href":"https:\/\/acontecenafronteira.com.br\/index.php\/wp-json\/wp\/v2\/comments?post=9694"}],"version-history":[{"count":1,"href":"https:\/\/acontecenafronteira.com.br\/index.php\/wp-json\/wp\/v2\/posts\/9694\/revisions"}],"predecessor-version":[{"id":9704,"href":"https:\/\/acontecenafronteira.com.br\/index.php\/wp-json\/wp\/v2\/posts\/9694\/revisions\/9704"}],"wp:featuredmedia":[{"embeddable":true,"href":"https:\/\/acontecenafronteira.com.br\/index.php\/wp-json\/wp\/v2\/media\/9697"}],"wp:attachment":[{"href":"https:\/\/acontecenafronteira.com.br\/index.php\/wp-json\/wp\/v2\/media?parent=9694"}],"wp:term":[{"taxonomy":"category","embeddable":true,"href":"https:\/\/acontecenafronteira.com.br\/index.php\/wp-json\/wp\/v2\/categories?post=9694"},{"taxonomy":"post_tag","embeddable":true,"href":"https:\/\/acontecenafronteira.com.br\/index.php\/wp-json\/wp\/v2\/tags?post=9694"}],"curies":[{"name":"wp","href":"https:\/\/api.w.org\/{rel}","templated":true}]}}