{"id":9683,"date":"2022-06-06T10:30:45","date_gmt":"2022-06-06T13:30:45","guid":{"rendered":"https:\/\/acontecenafronteira.com.br\/?p=9683"},"modified":"2022-06-06T10:30:46","modified_gmt":"2022-06-06T13:30:46","slug":"confira-as-vagas-de-emprego-da-agencia-do-trabalhador-de-foz-do-iguacu-nesta-segunda-feira-06","status":"publish","type":"post","link":"https:\/\/acontecenafronteira.com.br\/index.php\/2022\/06\/06\/confira-as-vagas-de-emprego-da-agencia-do-trabalhador-de-foz-do-iguacu-nesta-segunda-feira-06\/","title":{"rendered":"Confira as vagas de emprego da Ag\u00eancia do Trabalhador de Foz do Igua\u00e7u nesta segunda-feira (06)"},"content":{"rendered":"\n<p>A semana j\u00e1 come\u00e7ou com oportunidade para quem busca emprego em Foz do Igua\u00e7u, nesta segunda-feira a Ag\u00eancia do Trabalhador est\u00e1 com 164 vagas dispon\u00edveis.<\/p>\n\n\n\n<p>A semana j\u00e1 come\u00e7ou com oportunidade para quem busca emprego em Foz do Igua\u00e7u, nesta segunda-feira a Ag\u00eancia do Trabalhador est\u00e1 com 164 vagas dispon\u00edveis.<\/p>\n\n\n\n<p>Em caso de interesse em alguma vaga, entre em contato no telefone 45 3545-5450 e confirme as vagas dispon\u00edveis ou v\u00e1 at\u00e9 o local na R. Xavier da Silva, 834, no Centro.&nbsp;<\/p>\n\n\n\n<p>O atendimento \u00e9 das 7h30 \u00e0s 13h30. O servi\u00e7o \u00e9 gratuito!&nbsp;&nbsp;&nbsp;<\/p>\n\n\n\n<p>-Auxiliar administrativo &#8211; vaga PCD &#8211; possuir conhecimento em pacote Office e ensino m\u00e9dio completo.<\/p>\n\n\n\n<p>-Auxiliar de lavanderia \u2013 feminino.<\/p>\n\n\n\n<p>-Auxiliar de produ\u00e7\u00e3o \u2013 para o frigor\u00edfico Lar em Matel\u00e2ndia com idades entre 18 e 50 anos. Ex-funcion\u00e1rios devem entrar em contato antecipadamente.<\/p>\n\n\n\n<p>-Auxiliar de produ\u00e7\u00e3o \u2013 possuir experi\u00eancia na \u00e1rea de alimenta\u00e7\u00e3o.<\/p>\n\n\n\n<p>-Auxiliar t\u00e9cnico de educa\u00e7\u00e3o \u2013 (processo seletivo online) possuir ensino superior completo em educa\u00e7\u00e3o f\u00edsica e experi\u00eancia em coordena\u00e7\u00e3o ou gest\u00e3o em organiza\u00e7\u00e3o e realiza\u00e7\u00e3o de eventos recreativos.<\/p>\n\n\n\n<p>-Auxiliar t\u00e9cnico de educa\u00e7\u00e3o \u2013 (processo seletivo online &#8211; contrato por tempo determinado) possuir ensino superior completo em pedagogia, letras ou ci\u00eancias sociais e experi\u00eancia em coordena\u00e7\u00e3o pedag\u00f3gica ou coordena\u00e7\u00e3o de projetos de educa\u00e7\u00e3o.<\/p>\n\n\n\n<p>-Borracheiro \u2013 possuir experi\u00eancia comprovada na fun\u00e7\u00e3o.<\/p>\n\n\n\n<p>-Camareira \u2013 possuir experi\u00eancia comprovada na fun\u00e7\u00e3o.<\/p>\n\n\n\n<p>-Chapa \u2013 movimentador de carga e descarga \u2013 masculino com boa disponibilidade f\u00edsica. trabalhar em hor\u00e1rio comercial.<\/p>\n\n\n\n<p>-Confeiteiro \u2013 possuir experi\u00eancia comprovada na fun\u00e7\u00e3o.<\/p>\n\n\n\n<p>-Cozinheiro \u2013 possuir experi\u00eancia comprovada na fun\u00e7\u00e3o e disponibilidade para trabalhar das 15h00 \u00e0s 23h20. (trabalhar perto do Aeroporto).<\/p>\n\n\n\n<p>-Empacotador &#8211; masculino com disponibilidade para trabalhar no per\u00edodo da tarde\/noite. possuir rg\/cpf\/carteira de trabalho\/t\u00edtulo de eleitor e a libera\u00e7\u00e3o do ex\u00e9rcito em m\u00e3os.<\/p>\n\n\n\n<p>-Marceneiro \u2013 masculino com experi\u00eancia comprovada na fun\u00e7\u00e3o.<\/p>\n\n\n\n<p>-Mestre de obras \u2013 masculino com experi\u00eancia na fun\u00e7\u00e3o.<\/p>\n\n\n\n<p>-Operador de caixa \u2013 disponibilidade para trabalhar no per\u00edodo da tarde\/noite e ensino m\u00e9dio completo ou cursando.<\/p>\n\n\n\n<p>-Recepcionista de hotel &#8211; masculino com ingl\u00eas e portugu\u00eas fluentes e CNH.<\/p>\n\n\n\n<p>-Chapeador \u2013 masculino com experi\u00eancia na fun\u00e7\u00e3o.<\/p>\n\n\n\n<p>-Repositor \u2013 masculino com disponibilidade para trabalhar no per\u00edodo da tarde\/noite. Trabalhar em Medianeira. (empresa disponibiliza transporte ida e volta).<\/p>\n\n\n\n<p>-Servente de limpeza \u2013 feminino com experi\u00eancia b\u00e1sica na limpeza geral de \u00e1rea externa, cal\u00e7ada, pisos e interna, limpeza de vidros, m\u00e1rmore, pisos cer\u00e2micos.<\/p>\n\n\n\n<p>-Soldador \u2013 masculino com experi\u00eancia comprovada em solda de grande porte, arame tubular de grande porte e arame tubular para inspe\u00e7\u00e3o.<\/p>\n\n\n\n<p>-Vendedor de cons\u00f3rcios &#8211; masculino com experi\u00eancia em vendas de cons\u00f3rcio e CNH B.<\/p>\n\n\n\n<p>&#8211; Vendedor interno &#8211; feminino com perfil comunicativo, ensino fundamental completo e ingl\u00eas b\u00e1sico, residir preferencialmente na regi\u00e3o da vila A ou vila C.<\/p>\n\n\n\n<p>-Vendedor interno &#8211; possuir ensino m\u00e9dio completo &#8211; trabalhar das 14h \u00e0s 22h. Vaga PCD.<\/p>\n\n\n\n<p>&nbsp;&nbsp;-Vidraceiro \u2013 masculino com experi\u00eancia na fun\u00e7\u00e3o e CNH B.<\/p>\n","protected":false},"excerpt":{"rendered":"<p>A semana j\u00e1 come\u00e7ou com oportunidade para quem busca emprego em Foz do Igua\u00e7u, nesta segunda-feira a Ag\u00eancia do Trabalhador est\u00e1 com 164 vagas dispon\u00edveis. A semana j\u00e1 come\u00e7ou com oportunidade para quem busca emprego em Foz do Igua\u00e7u, nesta segunda-feira a Ag\u00eancia do Trabalhador est\u00e1 com 164 vagas dispon\u00edveis. Em caso de interesse em [&hellip;]<\/p>\n","protected":false},"author":2,"featured_media":9685,"comment_status":"open","ping_status":"open","sticky":false,"template":"","format":"standard","meta":{"om_disable_all_campaigns":false,"_monsterinsights_skip_tracking":false,"_monsterinsights_sitenote_active":false,"_monsterinsights_sitenote_note":"","_monsterinsights_sitenote_category":0,"footnotes":""},"categories":[4,15],"tags":[],"class_list":["post-9683","post","type-post","status-publish","format-standard","has-post-thumbnail","hentry","category-cidade","category-trabalho"],"_links":{"self":[{"href":"https:\/\/acontecenafronteira.com.br\/index.php\/wp-json\/wp\/v2\/posts\/9683","targetHints":{"allow":["GET"]}}],"collection":[{"href":"https:\/\/acontecenafronteira.com.br\/index.php\/wp-json\/wp\/v2\/posts"}],"about":[{"href":"https:\/\/acontecenafronteira.com.br\/index.php\/wp-json\/wp\/v2\/types\/post"}],"author":[{"embeddable":true,"href":"https:\/\/acontecenafronteira.com.br\/index.php\/wp-json\/wp\/v2\/users\/2"}],"replies":[{"embeddable":true,"href":"https:\/\/acontecenafronteira.com.br\/index.php\/wp-json\/wp\/v2\/comments?post=9683"}],"version-history":[{"count":1,"href":"https:\/\/acontecenafronteira.com.br\/index.php\/wp-json\/wp\/v2\/posts\/9683\/revisions"}],"predecessor-version":[{"id":9686,"href":"https:\/\/acontecenafronteira.com.br\/index.php\/wp-json\/wp\/v2\/posts\/9683\/revisions\/9686"}],"wp:featuredmedia":[{"embeddable":true,"href":"https:\/\/acontecenafronteira.com.br\/index.php\/wp-json\/wp\/v2\/media\/9685"}],"wp:attachment":[{"href":"https:\/\/acontecenafronteira.com.br\/index.php\/wp-json\/wp\/v2\/media?parent=9683"}],"wp:term":[{"taxonomy":"category","embeddable":true,"href":"https:\/\/acontecenafronteira.com.br\/index.php\/wp-json\/wp\/v2\/categories?post=9683"},{"taxonomy":"post_tag","embeddable":true,"href":"https:\/\/acontecenafronteira.com.br\/index.php\/wp-json\/wp\/v2\/tags?post=9683"}],"curies":[{"name":"wp","href":"https:\/\/api.w.org\/{rel}","templated":true}]}}