{"id":9407,"date":"2022-05-26T11:12:44","date_gmt":"2022-05-26T14:12:44","guid":{"rendered":"https:\/\/acontecenafronteira.com.br\/?p=9407"},"modified":"2022-05-26T11:12:45","modified_gmt":"2022-05-26T14:12:45","slug":"trecho-da-avenida-republica-argentina-esta-interditado-para-obras","status":"publish","type":"post","link":"https:\/\/acontecenafronteira.com.br\/index.php\/2022\/05\/26\/trecho-da-avenida-republica-argentina-esta-interditado-para-obras\/","title":{"rendered":"Trecho da Avenida Rep\u00fablica Argentina est\u00e1 interditado para obras"},"content":{"rendered":"\n<p>Motoristas que transitam pela via precisam redobrar a aten\u00e7\u00e3o no tr\u00e2nsito<\/p>\n\n\n\n<p>As equipes da empresa contratada pela Prefeitura de Foz do Igua\u00e7u d\u00e3o continuidade nesta semana aos trabalhos de recape asf\u00e1ltico da Avenida Rep\u00fablica Argentina.<\/p>\n\n\n\n<p>Nesta quarta-feira (25), o trecho da Avenida entre a Rua Santos Dumont e Avenida Paran\u00e1, sentido Avenida Costa e Silva, est\u00e1 interditado. Motoristas precisam redobrar a aten\u00e7\u00e3o, pois as Ruas Castelo Branco e Patrulheiro Venanti Otremba \u2013 nos trechos de acesso \u00e0 Rep\u00fablica Argentina \u2013 tamb\u00e9m est\u00e3o fechados.<\/p>\n\n\n\n<p>A orienta\u00e7\u00e3o \u00e9 para que motoristas busquem alternativas, como a Rua Xavier da Silva, que d\u00e1 acesso \u00e0s avenidas Paran\u00e1 e J.K.<\/p>\n\n\n\n<p>As obras em uma das principais avenidas do centro da cidade t\u00eam como objetivo melhorar a mobilidade urbana em Foz, assim como o recape asf\u00e1ltico de outras importantes vias para o tr\u00e2nsito da cidade, como \u00e9 o caso das avenidas Costa e Silva e General Meira.<\/p>\n\n\n\n<p>A prefeitura est\u00e1 fazendo o poss\u00edvel para que os trabalhos sejam conclu\u00eddos com a maior brevidade poss\u00edvel, a fim de minimizar os transtornos, comuns a qualquer tipo de obra.<\/p>\n","protected":false},"excerpt":{"rendered":"<p>Motoristas que transitam pela via precisam redobrar a aten\u00e7\u00e3o no tr\u00e2nsito As equipes da empresa contratada pela Prefeitura de Foz do Igua\u00e7u d\u00e3o continuidade nesta semana aos trabalhos de recape asf\u00e1ltico da Avenida Rep\u00fablica Argentina. Nesta quarta-feira (25), o trecho da Avenida entre a Rua Santos Dumont e Avenida Paran\u00e1, sentido Avenida Costa e Silva, [&hellip;]<\/p>\n","protected":false},"author":2,"featured_media":9408,"comment_status":"open","ping_status":"open","sticky":false,"template":"","format":"standard","meta":{"om_disable_all_campaigns":false,"_monsterinsights_skip_tracking":false,"_monsterinsights_sitenote_active":false,"_monsterinsights_sitenote_note":"","_monsterinsights_sitenote_category":0,"footnotes":""},"categories":[4,14],"tags":[],"class_list":["post-9407","post","type-post","status-publish","format-standard","has-post-thumbnail","hentry","category-cidade","category-obras"],"_links":{"self":[{"href":"https:\/\/acontecenafronteira.com.br\/index.php\/wp-json\/wp\/v2\/posts\/9407","targetHints":{"allow":["GET"]}}],"collection":[{"href":"https:\/\/acontecenafronteira.com.br\/index.php\/wp-json\/wp\/v2\/posts"}],"about":[{"href":"https:\/\/acontecenafronteira.com.br\/index.php\/wp-json\/wp\/v2\/types\/post"}],"author":[{"embeddable":true,"href":"https:\/\/acontecenafronteira.com.br\/index.php\/wp-json\/wp\/v2\/users\/2"}],"replies":[{"embeddable":true,"href":"https:\/\/acontecenafronteira.com.br\/index.php\/wp-json\/wp\/v2\/comments?post=9407"}],"version-history":[{"count":1,"href":"https:\/\/acontecenafronteira.com.br\/index.php\/wp-json\/wp\/v2\/posts\/9407\/revisions"}],"predecessor-version":[{"id":9409,"href":"https:\/\/acontecenafronteira.com.br\/index.php\/wp-json\/wp\/v2\/posts\/9407\/revisions\/9409"}],"wp:featuredmedia":[{"embeddable":true,"href":"https:\/\/acontecenafronteira.com.br\/index.php\/wp-json\/wp\/v2\/media\/9408"}],"wp:attachment":[{"href":"https:\/\/acontecenafronteira.com.br\/index.php\/wp-json\/wp\/v2\/media?parent=9407"}],"wp:term":[{"taxonomy":"category","embeddable":true,"href":"https:\/\/acontecenafronteira.com.br\/index.php\/wp-json\/wp\/v2\/categories?post=9407"},{"taxonomy":"post_tag","embeddable":true,"href":"https:\/\/acontecenafronteira.com.br\/index.php\/wp-json\/wp\/v2\/tags?post=9407"}],"curies":[{"name":"wp","href":"https:\/\/api.w.org\/{rel}","templated":true}]}}