{"id":9369,"date":"2022-05-24T18:50:01","date_gmt":"2022-05-24T21:50:01","guid":{"rendered":"https:\/\/acontecenafronteira.com.br\/?p=9369"},"modified":"2022-05-24T18:50:01","modified_gmt":"2022-05-24T21:50:01","slug":"policia-ambiental-prende-em-flagrante-dois-cacadores-em-sao-miguel-do-iguacu","status":"publish","type":"post","link":"https:\/\/acontecenafronteira.com.br\/index.php\/2022\/05\/24\/policia-ambiental-prende-em-flagrante-dois-cacadores-em-sao-miguel-do-iguacu\/","title":{"rendered":"Pol\u00edcia Ambiental prende em flagrante dois ca\u00e7adores em S\u00e3o Miguel do Igua\u00e7u"},"content":{"rendered":"\n<p>Durante patrulhamento rotineiro, uma equipe da 5\u00aa Companhia do Batalh\u00e3o de Pol\u00edcia Ambiental realizou a pris\u00e3o, nesta segunda-feira (23) de dois indiv\u00edduos que adentraram ao Parque Nacional do Igua\u00e7u, nas proximidades da Linha Marfim, em S\u00e3o Miguel do Igua\u00e7u para pr\u00e1tica de ca\u00e7a.<\/p>\n\n\n\n<p>Os criminosos estavam com dois animais abatidos (veado mateiro), 10 unidades de palmitos jussara in natura (esp\u00e9cie amea\u00e7ada de extin\u00e7\u00e3o) extra\u00eddos ilegalmente, 01 (um) rifle cal. 22, facas, lanternas e roupas sujas com odor de fuma\u00e7a (t\u00edpicos de acampamento).<\/p>\n\n\n\n<p>Os respons\u00e1veis foram presos em flagrante e encaminhados para a Delegacia da Pol\u00edcia Federal de Foz do Igua\u00e7u. A conduta delituosa rendeu aos infratores, al\u00e9m da pris\u00e3o, san\u00e7\u00e3o pecuni\u00e1ria (multa), e ainda tiveram todo o material apreendido. Al\u00e9m das multas aplicadas, os infratores responder\u00e3o na esfera civil e criminal pela conduta praticada.<\/p>\n\n\n\n<p><strong>Resultados:<\/strong><\/p>\n\n\n\n<p>-02 indiv\u00edduos presos;<\/p>\n\n\n\n<p>-multa;<\/p>\n\n\n\n<p>-37.050 kg carne de ca\u00e7a;<\/p>\n\n\n\n<p>-10 unidades de palmito jussara in natura;<\/p>\n\n\n\n<p>-01 rifle cal .22;<\/p>\n\n\n\n<p>-01 muni\u00e7\u00e3o cal .22;<\/p>\n\n\n\n<p>-petrechos para ca\u00e7a apreendidos;<\/p>\n\n\n\n<p>-01 ve\u00edculo apreendido.<\/p>\n\n\n\n<p>Fonte: Portal Costa Oeste News com inf. PM Ambiental<\/p>\n","protected":false},"excerpt":{"rendered":"<p>Durante patrulhamento rotineiro, uma equipe da 5\u00aa Companhia do Batalh\u00e3o de Pol\u00edcia Ambiental realizou a pris\u00e3o, nesta segunda-feira (23) de dois indiv\u00edduos que adentraram ao Parque Nacional do Igua\u00e7u, nas proximidades da Linha Marfim, em S\u00e3o Miguel do Igua\u00e7u para pr\u00e1tica de ca\u00e7a. Os criminosos estavam com dois animais abatidos (veado mateiro), 10 unidades de [&hellip;]<\/p>\n","protected":false},"author":2,"featured_media":9370,"comment_status":"open","ping_status":"open","sticky":false,"template":"","format":"standard","meta":{"om_disable_all_campaigns":false,"_monsterinsights_skip_tracking":false,"_monsterinsights_sitenote_active":false,"_monsterinsights_sitenote_note":"","_monsterinsights_sitenote_category":0,"footnotes":""},"categories":[18,5],"tags":[],"class_list":["post-9369","post","type-post","status-publish","format-standard","has-post-thumbnail","hentry","category-parana","category-policia"],"_links":{"self":[{"href":"https:\/\/acontecenafronteira.com.br\/index.php\/wp-json\/wp\/v2\/posts\/9369","targetHints":{"allow":["GET"]}}],"collection":[{"href":"https:\/\/acontecenafronteira.com.br\/index.php\/wp-json\/wp\/v2\/posts"}],"about":[{"href":"https:\/\/acontecenafronteira.com.br\/index.php\/wp-json\/wp\/v2\/types\/post"}],"author":[{"embeddable":true,"href":"https:\/\/acontecenafronteira.com.br\/index.php\/wp-json\/wp\/v2\/users\/2"}],"replies":[{"embeddable":true,"href":"https:\/\/acontecenafronteira.com.br\/index.php\/wp-json\/wp\/v2\/comments?post=9369"}],"version-history":[{"count":1,"href":"https:\/\/acontecenafronteira.com.br\/index.php\/wp-json\/wp\/v2\/posts\/9369\/revisions"}],"predecessor-version":[{"id":9371,"href":"https:\/\/acontecenafronteira.com.br\/index.php\/wp-json\/wp\/v2\/posts\/9369\/revisions\/9371"}],"wp:featuredmedia":[{"embeddable":true,"href":"https:\/\/acontecenafronteira.com.br\/index.php\/wp-json\/wp\/v2\/media\/9370"}],"wp:attachment":[{"href":"https:\/\/acontecenafronteira.com.br\/index.php\/wp-json\/wp\/v2\/media?parent=9369"}],"wp:term":[{"taxonomy":"category","embeddable":true,"href":"https:\/\/acontecenafronteira.com.br\/index.php\/wp-json\/wp\/v2\/categories?post=9369"},{"taxonomy":"post_tag","embeddable":true,"href":"https:\/\/acontecenafronteira.com.br\/index.php\/wp-json\/wp\/v2\/tags?post=9369"}],"curies":[{"name":"wp","href":"https:\/\/api.w.org\/{rel}","templated":true}]}}