{"id":9291,"date":"2022-05-23T11:56:13","date_gmt":"2022-05-23T14:56:13","guid":{"rendered":"https:\/\/acontecenafronteira.com.br\/?p=9291"},"modified":"2022-05-23T11:56:13","modified_gmt":"2022-05-23T14:56:13","slug":"pais-e-responsaveis-acompanham-vacinacao-de-criancas-em-cmeis-de-foz-do-iguacu","status":"publish","type":"post","link":"https:\/\/acontecenafronteira.com.br\/index.php\/2022\/05\/23\/pais-e-responsaveis-acompanham-vacinacao-de-criancas-em-cmeis-de-foz-do-iguacu\/","title":{"rendered":"Pais e respons\u00e1veis acompanham vacina\u00e7\u00e3o de crian\u00e7as em Cmeis de Foz do Igua\u00e7u"},"content":{"rendered":"\n<p>A\u00e7\u00e3o da Secretaria de Sa\u00fade visa aumentar o n\u00famero de crian\u00e7as vacinadas contra a influenza, covid-19 e outras doen\u00e7as<\/p>\n\n\n\n<p><em>Foto: Welyton Manoel\/PMFI<\/em><br><br>A nova a\u00e7\u00e3o para a vacina\u00e7\u00e3o de crian\u00e7as em Foz do Igua\u00e7u foi acompanhada de perto, nesta sexta-feira (20), por respons\u00e1veis pelos alunos matriculados nos Centros Municipais de Educa\u00e7\u00e3o Infantil. As equipes atualizaram os cart\u00f5es de vacina das crian\u00e7as, com doses contra a influenza, covid-19, e outras em atraso, como a tr\u00edplice viral.<\/p>\n\n\n\n<p>\u201cA vacina\u00e7\u00e3o \u00e9 muito importante para prevenir as doen\u00e7as e ajudam a minha filha a crescer saud\u00e1vel. J\u00e1 aproveitamos para colocar todas as doses em dia\u201d, disse Franciele Dias, m\u00e3e da pequena Sarah, de 4 anos.<br><br>\u201cEle estava gripado h\u00e1 pouco tempo e agora com a vacina eu fico mais tranquila, sabendo que est\u00e1 mais seguro\u201d, contou Marilene de Oliveira, m\u00e3e do Matheus, 4 anos.&nbsp;<br><br>A secret\u00e1ria de Sa\u00fade, Jaqueline Tontini, explica que os respons\u00e1veis foram informados sobre a a\u00e7\u00e3o e j\u00e1 haviam apresentado a carteira de vacina\u00e7\u00e3o durante a semana para a prepara\u00e7\u00e3o das doses.<br><br>\u201cAs vacinas s\u00f3 podem ser aplicadas com a presen\u00e7a dos pais ou respons\u00e1veis devidamente autorizados. Vem deles o importante apoio que precisamos para o bom resultado da a\u00e7\u00e3o\u201d, afirmou Tontini.<br><br>Os Cmeis foram as primeiras institui\u00e7\u00f5es de ensino a receber as equipes da Secretaria Municipal de Sa\u00fade para vacina\u00e7\u00e3o de alunos. Foram cerca de 30 neste primeiro dia e o restante ser\u00e1 finalizado na pr\u00f3xima sexta-feira (27). As pr\u00f3ximas etapas ser\u00e3o em escolas municipais e escolas privadas.<br><br><strong>Cobertura vacinal<br><br><\/strong>A a\u00e7\u00e3o foi pensada para aumentar a cobertura vacinal desse p\u00fablico. At\u00e9 o momento, 56% das crian\u00e7as foram vacinadas contra a covid-19, e apenas 31,53% receberam as duas doses. Contra a influenza, foram vacinadas 12,1% das crian\u00e7as entre seis meses e quatro anos.<br><br>\u201cTrata-se de uma necessidade para proteger as crian\u00e7as, que n\u00e3o podem mais continuar com doses atrasadas. Essa parceria com as fam\u00edlias \u00e9 muito importante para evitarmos o agravamento do cen\u00e1rio epidemiol\u00f3gico e as vacinas integram esse momento. Elas salvam vidas e isso j\u00e1 est\u00e1 comprovado\u201d, completou a secret\u00e1ria.<\/p>\n","protected":false},"excerpt":{"rendered":"<p>A\u00e7\u00e3o da Secretaria de Sa\u00fade visa aumentar o n\u00famero de crian\u00e7as vacinadas contra a influenza, covid-19 e outras doen\u00e7as Foto: Welyton Manoel\/PMFI A nova a\u00e7\u00e3o para a vacina\u00e7\u00e3o de crian\u00e7as em Foz do Igua\u00e7u foi acompanhada de perto, nesta sexta-feira (20), por respons\u00e1veis pelos alunos matriculados nos Centros Municipais de Educa\u00e7\u00e3o Infantil. As equipes atualizaram [&hellip;]<\/p>\n","protected":false},"author":2,"featured_media":9292,"comment_status":"open","ping_status":"open","sticky":false,"template":"","format":"standard","meta":{"om_disable_all_campaigns":false,"_monsterinsights_skip_tracking":false,"_monsterinsights_sitenote_active":false,"_monsterinsights_sitenote_note":"","_monsterinsights_sitenote_category":0,"footnotes":""},"categories":[4],"tags":[],"class_list":["post-9291","post","type-post","status-publish","format-standard","has-post-thumbnail","hentry","category-cidade"],"_links":{"self":[{"href":"https:\/\/acontecenafronteira.com.br\/index.php\/wp-json\/wp\/v2\/posts\/9291","targetHints":{"allow":["GET"]}}],"collection":[{"href":"https:\/\/acontecenafronteira.com.br\/index.php\/wp-json\/wp\/v2\/posts"}],"about":[{"href":"https:\/\/acontecenafronteira.com.br\/index.php\/wp-json\/wp\/v2\/types\/post"}],"author":[{"embeddable":true,"href":"https:\/\/acontecenafronteira.com.br\/index.php\/wp-json\/wp\/v2\/users\/2"}],"replies":[{"embeddable":true,"href":"https:\/\/acontecenafronteira.com.br\/index.php\/wp-json\/wp\/v2\/comments?post=9291"}],"version-history":[{"count":1,"href":"https:\/\/acontecenafronteira.com.br\/index.php\/wp-json\/wp\/v2\/posts\/9291\/revisions"}],"predecessor-version":[{"id":9293,"href":"https:\/\/acontecenafronteira.com.br\/index.php\/wp-json\/wp\/v2\/posts\/9291\/revisions\/9293"}],"wp:featuredmedia":[{"embeddable":true,"href":"https:\/\/acontecenafronteira.com.br\/index.php\/wp-json\/wp\/v2\/media\/9292"}],"wp:attachment":[{"href":"https:\/\/acontecenafronteira.com.br\/index.php\/wp-json\/wp\/v2\/media?parent=9291"}],"wp:term":[{"taxonomy":"category","embeddable":true,"href":"https:\/\/acontecenafronteira.com.br\/index.php\/wp-json\/wp\/v2\/categories?post=9291"},{"taxonomy":"post_tag","embeddable":true,"href":"https:\/\/acontecenafronteira.com.br\/index.php\/wp-json\/wp\/v2\/tags?post=9291"}],"curies":[{"name":"wp","href":"https:\/\/api.w.org\/{rel}","templated":true}]}}