{"id":9227,"date":"2022-05-19T17:03:18","date_gmt":"2022-05-19T20:03:18","guid":{"rendered":"https:\/\/acontecenafronteira.com.br\/?p=9227"},"modified":"2022-05-19T17:03:19","modified_gmt":"2022-05-19T20:03:19","slug":"trecho-da-avenida-republica-argentina-esta-interditado-para-recape-asfaltico","status":"publish","type":"post","link":"https:\/\/acontecenafronteira.com.br\/index.php\/2022\/05\/19\/trecho-da-avenida-republica-argentina-esta-interditado-para-recape-asfaltico\/","title":{"rendered":"Trecho da Avenida Rep\u00fablica Argentina est\u00e1 interditado para recape asf\u00e1ltico"},"content":{"rendered":"\n<p>Motoristas que transitam pela via precisam redobrar a aten\u00e7\u00e3o no tr\u00e2nsito.<\/p>\n\n\n\n<p>Nesta quinta-feira (19), as equipes da empresa contratada pela Prefeitura de Foz do Igua\u00e7u d\u00e3o continuidade aos trabalhos de recape asf\u00e1ltico da Avenida Rep\u00fablica Argentina.<\/p>\n\n\n\n<p>O trecho entre a Rua Marechal Floriano Peixoto e Rua Marechal Deodoro est\u00e1 interditado nos dois sentidos (sentido Avenida Paran\u00e1 e tamb\u00e9m no sentido Avenida J.K.) para a execu\u00e7\u00e3o dos trabalhos, que v\u00e3o corrigir as imperfei\u00e7\u00f5es de uma das vias mais movimentadas da regi\u00e3o da cidade.<\/p>\n\n\n\n<p>O objetivo \u00e9 melhorar a mobilidade urbana em Foz, assim como o recape de outras importantes vias da cidade, que tamb\u00e9m vem sendo executado pela prefeitura, como \u00e9 caso das avenidas Costa e Silva e General Meira.<\/p>\n\n\n\n<p>Os motoristas que transitam pela via precisam redobrar a aten\u00e7\u00e3o com as sinaliza\u00e7\u00f5es da obra. A orienta\u00e7\u00e3o \u00e9 que busquem alternativas de tr\u00e1fego at\u00e9 que o tr\u00e2nsito seja liberado.<\/p>\n\n\n\n<p>A previs\u00e3o \u00e9 que os servi\u00e7os em toda a extens\u00e3o da Avenida Rep\u00fablica Argentina sejam conclu\u00eddos entre 45 e 60 dias. A prefeitura est\u00e1 fazendo o poss\u00edvel para que os trabalhos sejam conclu\u00eddos com a maior brevidade poss\u00edvel, a fim de minimizar os transtornos, comuns a qualquer tipo de obra.<\/p>\n","protected":false},"excerpt":{"rendered":"<p>Motoristas que transitam pela via precisam redobrar a aten\u00e7\u00e3o no tr\u00e2nsito. Nesta quinta-feira (19), as equipes da empresa contratada pela Prefeitura de Foz do Igua\u00e7u d\u00e3o continuidade aos trabalhos de recape asf\u00e1ltico da Avenida Rep\u00fablica Argentina. O trecho entre a Rua Marechal Floriano Peixoto e Rua Marechal Deodoro est\u00e1 interditado nos dois sentidos (sentido Avenida [&hellip;]<\/p>\n","protected":false},"author":2,"featured_media":9228,"comment_status":"open","ping_status":"open","sticky":false,"template":"","format":"standard","meta":{"om_disable_all_campaigns":false,"_monsterinsights_skip_tracking":false,"_monsterinsights_sitenote_active":false,"_monsterinsights_sitenote_note":"","_monsterinsights_sitenote_category":0,"footnotes":""},"categories":[4,14],"tags":[],"class_list":["post-9227","post","type-post","status-publish","format-standard","has-post-thumbnail","hentry","category-cidade","category-obras"],"_links":{"self":[{"href":"https:\/\/acontecenafronteira.com.br\/index.php\/wp-json\/wp\/v2\/posts\/9227","targetHints":{"allow":["GET"]}}],"collection":[{"href":"https:\/\/acontecenafronteira.com.br\/index.php\/wp-json\/wp\/v2\/posts"}],"about":[{"href":"https:\/\/acontecenafronteira.com.br\/index.php\/wp-json\/wp\/v2\/types\/post"}],"author":[{"embeddable":true,"href":"https:\/\/acontecenafronteira.com.br\/index.php\/wp-json\/wp\/v2\/users\/2"}],"replies":[{"embeddable":true,"href":"https:\/\/acontecenafronteira.com.br\/index.php\/wp-json\/wp\/v2\/comments?post=9227"}],"version-history":[{"count":1,"href":"https:\/\/acontecenafronteira.com.br\/index.php\/wp-json\/wp\/v2\/posts\/9227\/revisions"}],"predecessor-version":[{"id":9229,"href":"https:\/\/acontecenafronteira.com.br\/index.php\/wp-json\/wp\/v2\/posts\/9227\/revisions\/9229"}],"wp:featuredmedia":[{"embeddable":true,"href":"https:\/\/acontecenafronteira.com.br\/index.php\/wp-json\/wp\/v2\/media\/9228"}],"wp:attachment":[{"href":"https:\/\/acontecenafronteira.com.br\/index.php\/wp-json\/wp\/v2\/media?parent=9227"}],"wp:term":[{"taxonomy":"category","embeddable":true,"href":"https:\/\/acontecenafronteira.com.br\/index.php\/wp-json\/wp\/v2\/categories?post=9227"},{"taxonomy":"post_tag","embeddable":true,"href":"https:\/\/acontecenafronteira.com.br\/index.php\/wp-json\/wp\/v2\/tags?post=9227"}],"curies":[{"name":"wp","href":"https:\/\/api.w.org\/{rel}","templated":true}]}}