{"id":9179,"date":"2022-05-18T14:45:27","date_gmt":"2022-05-18T17:45:27","guid":{"rendered":"https:\/\/acontecenafronteira.com.br\/?p=9179"},"modified":"2022-05-18T14:45:28","modified_gmt":"2022-05-18T17:45:28","slug":"andre-pepitone-e-nomeado-diretor-financeiro-executivo-de-itaipu-binacional","status":"publish","type":"post","link":"https:\/\/acontecenafronteira.com.br\/index.php\/2022\/05\/18\/andre-pepitone-e-nomeado-diretor-financeiro-executivo-de-itaipu-binacional\/","title":{"rendered":"Andr\u00e9 Pepitone \u00e9 nomeado diretor financeiro executivo de Itaipu Binacional"},"content":{"rendered":"\n<p><strong>Decreto de nomea\u00e7\u00e3o foi publicado nesta ter\u00e7a-feira (17) no Di\u00e1rio Oficial da Uni\u00e3o.<\/strong><\/p>\n\n\n\n<p>O engenheiro Andr\u00e9 Pepitone da N\u00f3brega, que ocupou a diretoria geral da Ag\u00eancia Nacional de Energia El\u00e9trica (Aneel), foi nomeado para o cargo de diretor financeiro executivo da Itaipu Binacional. O decreto de nomea\u00e7\u00e3o, assinado pelo presidente da Rep\u00fablica, Jair Bolsonaro, e pelo ministro de Minas e Energia, Adolfo Sachsida, foi publicado na edi\u00e7\u00e3o desta ter\u00e7a-feira (17) do Di\u00e1rio Oficial da Uni\u00e3o. No decreto consta, tamb\u00e9m, a recondu\u00e7\u00e3o dos demais diretores at\u00e9 16 de maio de 2027.&nbsp;<\/p>\n\n\n\n<p>A posse do diretor financeiro executivo de Itaipu ser\u00e1 na quinta-feira (19), na usina de Itaipu, em Foz do Igua\u00e7u (PR). O cargo era exercido desde fevereiro de 2019 pelo atual diretor-geral brasileiro, Anatalicio Risden Junior. Em janeiro deste ano, ao ser nomeado para a Diretoria Geral, Risden passou a acumular as fun\u00e7\u00f5es.&nbsp;<\/p>\n\n\n\n<p>Andr\u00e9 Pepitone \u00e9 servidor de carreira da Aneel, na \u00e1rea de Regula\u00e7\u00e3o, e ocupava a diretoria da ag\u00eancia desde 2010. Formado em Engenharia Civil pela Universidade de Bras\u00edlia (UnB), ele tem especializa\u00e7\u00e3o em Ci\u00eancias Geot\u00e9cnicas pela mesma institui\u00e7\u00e3o e MBA em Theory and Operation of a Modern National Economy, pela Universidade George Washington. Tamb\u00e9m participou do Program on Utility Regulation and Strategy, ministrado na Warrington College of Business, da Universidade da Fl\u00f3rida.&nbsp;<\/p>\n\n\n\n<p>Na Aneel, Pepitone atuou na equipe de autoriza\u00e7\u00f5es de empreendimentos de fontes renov\u00e1veis da Superintend\u00eancia de Concess\u00f5es e Autoriza\u00e7\u00f5es de Gera\u00e7\u00e3o (2000-2002), na Superintend\u00eancia de Estudos de Mercado (2002-2006) e na Assessoria da Diretoria (2006-2010).<\/p>\n\n\n\n<p>De maio de 2012 a maio de 2014, foi diretor da Associa\u00e7\u00e3o Brasileira de Ag\u00eancias de Regula\u00e7\u00e3o (Abar). Em mar\u00e7o de 2015, assumiu a vice-presid\u00eancia da Associa\u00e7\u00e3o Ibero-americana de Entidades Reguladoras de Energia (Ariae), com mandato de tr\u00eas anos. Em maio de 2018, foi eleito presidente da mesma associa\u00e7\u00e3o, com mandato tamb\u00e9m de tr\u00eas anos.&nbsp;<\/p>\n\n\n\n<p>No \u00faltimo dia 29 de abril, Pepitone esteve na Itaipu, para a cerim\u00f4nia que marcou o in\u00edcio dos trabalhos de atualiza\u00e7\u00e3o das unidades geradoras da hidrel\u00e9trica.<\/p>\n\n\n\n<figure class=\"wp-block-image size-full is-style-default\"><img loading=\"lazy\" decoding=\"async\" width=\"800\" height=\"800\" src=\"https:\/\/acontecenafronteira.com.br\/wp-content\/uploads\/2022\/05\/6283b61570a3f20220406AP_4-1.jpg\" alt=\"\" class=\"wp-image-9182\" srcset=\"https:\/\/acontecenafronteira.com.br\/wp-content\/uploads\/2022\/05\/6283b61570a3f20220406AP_4-1.jpg?v=1652895920 800w, https:\/\/acontecenafronteira.com.br\/wp-content\/uploads\/2022\/05\/6283b61570a3f20220406AP_4-1-300x300.jpg?v=1652895920 300w, https:\/\/acontecenafronteira.com.br\/wp-content\/uploads\/2022\/05\/6283b61570a3f20220406AP_4-1-150x150.jpg?v=1652895920 150w, https:\/\/acontecenafronteira.com.br\/wp-content\/uploads\/2022\/05\/6283b61570a3f20220406AP_4-1-768x768.jpg?v=1652895920 768w\" sizes=\"auto, (max-width: 800px) 100vw, 800px\" \/><\/figure>\n\n\n\n<p><\/p>\n","protected":false},"excerpt":{"rendered":"<p>Decreto de nomea\u00e7\u00e3o foi publicado nesta ter\u00e7a-feira (17) no Di\u00e1rio Oficial da Uni\u00e3o. O engenheiro Andr\u00e9 Pepitone da N\u00f3brega, que ocupou a diretoria geral da Ag\u00eancia Nacional de Energia El\u00e9trica (Aneel), foi nomeado para o cargo de diretor financeiro executivo da Itaipu Binacional. O decreto de nomea\u00e7\u00e3o, assinado pelo presidente da Rep\u00fablica, Jair Bolsonaro, e [&hellip;]<\/p>\n","protected":false},"author":2,"featured_media":9180,"comment_status":"open","ping_status":"open","sticky":false,"template":"","format":"standard","meta":{"om_disable_all_campaigns":false,"_monsterinsights_skip_tracking":false,"_monsterinsights_sitenote_active":false,"_monsterinsights_sitenote_note":"","_monsterinsights_sitenote_category":0,"footnotes":""},"categories":[4,11],"tags":[],"class_list":["post-9179","post","type-post","status-publish","format-standard","has-post-thumbnail","hentry","category-cidade","category-itaipu"],"_links":{"self":[{"href":"https:\/\/acontecenafronteira.com.br\/index.php\/wp-json\/wp\/v2\/posts\/9179","targetHints":{"allow":["GET"]}}],"collection":[{"href":"https:\/\/acontecenafronteira.com.br\/index.php\/wp-json\/wp\/v2\/posts"}],"about":[{"href":"https:\/\/acontecenafronteira.com.br\/index.php\/wp-json\/wp\/v2\/types\/post"}],"author":[{"embeddable":true,"href":"https:\/\/acontecenafronteira.com.br\/index.php\/wp-json\/wp\/v2\/users\/2"}],"replies":[{"embeddable":true,"href":"https:\/\/acontecenafronteira.com.br\/index.php\/wp-json\/wp\/v2\/comments?post=9179"}],"version-history":[{"count":1,"href":"https:\/\/acontecenafronteira.com.br\/index.php\/wp-json\/wp\/v2\/posts\/9179\/revisions"}],"predecessor-version":[{"id":9183,"href":"https:\/\/acontecenafronteira.com.br\/index.php\/wp-json\/wp\/v2\/posts\/9179\/revisions\/9183"}],"wp:featuredmedia":[{"embeddable":true,"href":"https:\/\/acontecenafronteira.com.br\/index.php\/wp-json\/wp\/v2\/media\/9180"}],"wp:attachment":[{"href":"https:\/\/acontecenafronteira.com.br\/index.php\/wp-json\/wp\/v2\/media?parent=9179"}],"wp:term":[{"taxonomy":"category","embeddable":true,"href":"https:\/\/acontecenafronteira.com.br\/index.php\/wp-json\/wp\/v2\/categories?post=9179"},{"taxonomy":"post_tag","embeddable":true,"href":"https:\/\/acontecenafronteira.com.br\/index.php\/wp-json\/wp\/v2\/tags?post=9179"}],"curies":[{"name":"wp","href":"https:\/\/api.w.org\/{rel}","templated":true}]}}