{"id":9139,"date":"2022-05-17T12:16:15","date_gmt":"2022-05-17T15:16:15","guid":{"rendered":"https:\/\/acontecenafronteira.com.br\/?p=9139"},"modified":"2022-05-17T12:16:15","modified_gmt":"2022-05-17T15:16:15","slug":"moto-com-mais-de-r-1-milhao-em-debitos-e-apreendida","status":"publish","type":"post","link":"https:\/\/acontecenafronteira.com.br\/index.php\/2022\/05\/17\/moto-com-mais-de-r-1-milhao-em-debitos-e-apreendida\/","title":{"rendered":"Moto com mais de R$ 1 milh\u00e3o em d\u00e9bitos \u00e9 apreendida"},"content":{"rendered":"\n<p>Uma moto com mais de R$ 1 milh\u00e3o em d\u00e9bitos foi apreendida em Maring\u00e1, no norte do Paran\u00e1, na noite de s\u00e1bado (14), por agentes de tr\u00e2nsito da Secretaria de Mobilidade Urbana de Maring\u00e1 (Semob) durante fiscaliza\u00e7\u00e3o na cidade.<br><br>No total, a motocicleta tinha R$1.070,423,39 em d\u00e9bitos, entre multas e atraso no pagamento da taxa de licenciamento. A princ\u00edpio, o propriet\u00e1rio e condutor trabalhava com delivery. Ainda de acordo com a Semob, o sistema da secretaria j\u00e1 apontava sinal de alerta para o ve\u00edculo. Durante patrulhamento dos agentes de tr\u00e2nsito, a moto cometeu uma infra\u00e7\u00e3o ao avan\u00e7ar o sinal na esquina das avenidas Colombo com Pedro Taques.<br><br> A equipe da Semob presenciou a infra\u00e7\u00e3o e abordou o motociclista na esquina da avenida Morangueira com a rua 10 de Maio.Ap\u00f3s a abordagem, foram constatados os d\u00e9bitos. Com apoio do guincho da Pol\u00edcia Militar (PM), o ve\u00edculo foi recolhido ao p\u00e1tio da 13\u00aa Ciretran. Os principais d\u00e9bitos s\u00e3o referentes a avan\u00e7o de sinal e excesso de velocidade, segundo o Detran-PR.Depois da apreens\u00e3o, o condutor foi multado por avan\u00e7o de sinal na avenida Colombo e notificado por trafegar com os d\u00e9bitos atrasados.<\/p>\n","protected":false},"excerpt":{"rendered":"<p>Uma moto com mais de R$ 1 milh\u00e3o em d\u00e9bitos foi apreendida em Maring\u00e1, no norte do Paran\u00e1, na noite de s\u00e1bado (14), por agentes de tr\u00e2nsito da Secretaria de Mobilidade Urbana de Maring\u00e1 (Semob) durante fiscaliza\u00e7\u00e3o na cidade. No total, a motocicleta tinha R$1.070,423,39 em d\u00e9bitos, entre multas e atraso no pagamento da taxa [&hellip;]<\/p>\n","protected":false},"author":2,"featured_media":9140,"comment_status":"open","ping_status":"open","sticky":false,"template":"","format":"standard","meta":{"om_disable_all_campaigns":false,"_monsterinsights_skip_tracking":false,"_monsterinsights_sitenote_active":false,"_monsterinsights_sitenote_note":"","_monsterinsights_sitenote_category":0,"footnotes":""},"categories":[4],"tags":[],"class_list":["post-9139","post","type-post","status-publish","format-standard","has-post-thumbnail","hentry","category-cidade"],"_links":{"self":[{"href":"https:\/\/acontecenafronteira.com.br\/index.php\/wp-json\/wp\/v2\/posts\/9139","targetHints":{"allow":["GET"]}}],"collection":[{"href":"https:\/\/acontecenafronteira.com.br\/index.php\/wp-json\/wp\/v2\/posts"}],"about":[{"href":"https:\/\/acontecenafronteira.com.br\/index.php\/wp-json\/wp\/v2\/types\/post"}],"author":[{"embeddable":true,"href":"https:\/\/acontecenafronteira.com.br\/index.php\/wp-json\/wp\/v2\/users\/2"}],"replies":[{"embeddable":true,"href":"https:\/\/acontecenafronteira.com.br\/index.php\/wp-json\/wp\/v2\/comments?post=9139"}],"version-history":[{"count":1,"href":"https:\/\/acontecenafronteira.com.br\/index.php\/wp-json\/wp\/v2\/posts\/9139\/revisions"}],"predecessor-version":[{"id":9141,"href":"https:\/\/acontecenafronteira.com.br\/index.php\/wp-json\/wp\/v2\/posts\/9139\/revisions\/9141"}],"wp:featuredmedia":[{"embeddable":true,"href":"https:\/\/acontecenafronteira.com.br\/index.php\/wp-json\/wp\/v2\/media\/9140"}],"wp:attachment":[{"href":"https:\/\/acontecenafronteira.com.br\/index.php\/wp-json\/wp\/v2\/media?parent=9139"}],"wp:term":[{"taxonomy":"category","embeddable":true,"href":"https:\/\/acontecenafronteira.com.br\/index.php\/wp-json\/wp\/v2\/categories?post=9139"},{"taxonomy":"post_tag","embeddable":true,"href":"https:\/\/acontecenafronteira.com.br\/index.php\/wp-json\/wp\/v2\/tags?post=9139"}],"curies":[{"name":"wp","href":"https:\/\/api.w.org\/{rel}","templated":true}]}}