{"id":910,"date":"2021-10-18T10:57:35","date_gmt":"2021-10-18T13:57:35","guid":{"rendered":"https:\/\/acontecenafronteira.com.br\/?p=910"},"modified":"2021-10-18T10:57:37","modified_gmt":"2021-10-18T13:57:37","slug":"segue-aberto-o-credenciamento-para-pequenos-empreendedores-prestarem-servicos-a-prefeitura","status":"publish","type":"post","link":"https:\/\/acontecenafronteira.com.br\/index.php\/2021\/10\/18\/segue-aberto-o-credenciamento-para-pequenos-empreendedores-prestarem-servicos-a-prefeitura\/","title":{"rendered":"Segue aberto o credenciamento para pequenos empreendedores prestarem servi\u00e7os \u00e0 Prefeitura"},"content":{"rendered":"\n<p>Oportunidades s\u00e3o para \u00e1reas de pintura, alvenaria, manuten\u00e7\u00e3o el\u00e9trica, jardinagem e outras; inscri\u00e7\u00f5es podem ser feitas pelo site da Prefeitura ou no Protocolo Geral do Munic\u00edpio<\/p>\n\n\n\n<p>Microempreendedores individuais (MEIs), microempresas (ME), empresas de pequeno porte (EEP) ou empresas jur\u00eddicas podem se inscrever para presta\u00e7\u00e3o de servi\u00e7os nos pr\u00e9dios p\u00fablicos da Prefeitura de Foz do Igua\u00e7u.\u00a0<br><br>O chamamento p\u00fablico 003\/2021 foi publicado no dia 30 de setembro e recebeu at\u00e9 agora somente nove inscri\u00e7\u00f5es. O credenciamento \u00e9 aberto para empresas com capacidade t\u00e9cnica e domic\u00edlio tribut\u00e1rio em Foz do Igua\u00e7u que possam ofertar servi\u00e7os de reparo e manuten\u00e7\u00e3o de pintura, alvenaria, carpintaria, instala\u00e7\u00e3o e manuten\u00e7\u00e3o el\u00e9trica predial, manuten\u00e7\u00e3o de instala\u00e7\u00f5es, jardinagem, aplica\u00e7\u00e3o de revestimentos e outros. Ser\u00e1 admitido o credenciamento em at\u00e9 duas categorias para cada CNPJ.\u00a0<br><br>Os prestadores de servi\u00e7o poder\u00e3o realizar manuten\u00e7\u00e3o, inclusive preventiva, nos pr\u00e9dios p\u00fablicos, conforme a demanda das secretarias municipais, visando a melhoria dos servi\u00e7os ofertados \u00e0 popula\u00e7\u00e3o.\u00a0<br><br>A inscri\u00e7\u00e3o pode ser feita pelo site da Prefeitura\u00a0<a href=\"https:\/\/www5.pmfi.pr.gov.br\/PortalEmpresarial\/ABERTURAPROCESSO\/PROTOCOLO\">https:\/\/sistemas.pmfi.pr.gov.br\/PortalEmpresarial\/ABERTURAPROCESSO\/PROTOCOLO<\/a>, ou de forma presencial no Protocolo Geral do Munic\u00edpio, na Pra\u00e7a Get\u00falio Vargas, n\u00ba 280, ao lado da Prefeitura. O edital ter\u00e1 validade por 12 meses e pode ser prorrog\u00e1vel at\u00e9 o alcance m\u00e1ximo do valor fixado, que \u00e9 de aproximadamente R$ 2 milh\u00f5es.\u00a0<br><br>Para o secret\u00e1rio municipal de Administra\u00e7\u00e3o, Nilton Bobato, a a\u00e7\u00e3o \u00e9 estrat\u00e9gica e integra um conjunto de medidas para fortalecer o com\u00e9rcio local e recuperar o desenvolvimento econ\u00f4mico do setor, bastante afetado pela pandemia da Covid-19. \u201cEste edital gera renda para os trabalhadores e auxilia na retomada econ\u00f4mica do munic\u00edpio. Estamos trabalhando com muito esfor\u00e7o para potencializarmos todas as a\u00e7\u00f5es que venham a fortalecer a economia local, garantindo mais oportunidades para os empres\u00e1rios e para as pequenas empresas\u201d, comentou.\u00a0<br><br><strong>Documenta\u00e7\u00e3o<br><br><\/strong>O edital do chamamento est\u00e1 dispon\u00edvel no Portal da Transpar\u00eancia (<a href=\"http:\/\/www2.pmfi.pr.gov.br\/giig\/portais\/portaldatransparencia\/licitacoes\/wfrmLicitacoes.aspx\">http:\/\/www2.pmfi.pr.gov.br\/giig\/portais\/portaldatransparencia\/licitacoes\/wfrmLicitacoes.aspx<\/a>). Aqueles pequenos empres\u00e1rios que por ventura ainda n\u00e3o tenham formalizado o MEI ou tenham duvidas sobre o edital poder\u00e3o buscar a Casa do Empreendedor, anexo ao pr\u00e9dio da ACIFI &#8211; Associa\u00e7\u00e3o Comercial e Empresarial de Foz do Igua\u00e7u, na R. Padre Montoya, 490 \u2013 Centro. Haver\u00e1 um servidor para apoio nas inscri\u00e7\u00f5es e documenta\u00e7\u00f5es.\u00a0<br><br>Foz do Igua\u00e7u tem 19.276 microempreendedores e destes, mais de 2,5 mil oferecem servi\u00e7os de manuten\u00e7\u00e3o como azulejista, pinturas em geral, carpintaria, eletricista, encanador, marcenaria e outras atividades que podem ser feitas no dia a dia dos espa\u00e7os p\u00fablicos.<br><br>D\u00favidas tamb\u00e9m podem ser sanadas pelo telefone: (45) 2105-1467 ou pelo e-mail: juliana.jpm@pmfi.pr.gov.br, ou pregoeirajulianafoz@gmail.com.<\/p>\n\n\n\n<figure class=\"wp-block-image size-full\"><img loading=\"lazy\" decoding=\"async\" width=\"890\" height=\"900\" src=\"https:\/\/acontecenafronteira.com.br\/wp-content\/uploads\/2021\/10\/image-61-1.jpg\" alt=\"\" class=\"wp-image-912\" srcset=\"https:\/\/acontecenafronteira.com.br\/wp-content\/uploads\/2021\/10\/image-61-1.jpg?v=1634565443 890w, https:\/\/acontecenafronteira.com.br\/wp-content\/uploads\/2021\/10\/image-61-1-297x300.jpg?v=1634565443 297w, https:\/\/acontecenafronteira.com.br\/wp-content\/uploads\/2021\/10\/image-61-1-768x777.jpg?v=1634565443 768w\" sizes=\"auto, (max-width: 890px) 100vw, 890px\" \/><\/figure>\n\n\n\n<p><\/p>\n","protected":false},"excerpt":{"rendered":"<p>Oportunidades s\u00e3o para \u00e1reas de pintura, alvenaria, manuten\u00e7\u00e3o el\u00e9trica, jardinagem e outras; inscri\u00e7\u00f5es podem ser feitas pelo site da Prefeitura ou no Protocolo Geral do Munic\u00edpio Microempreendedores individuais (MEIs), microempresas (ME), empresas de pequeno porte (EEP) ou empresas jur\u00eddicas podem se inscrever para presta\u00e7\u00e3o de servi\u00e7os nos pr\u00e9dios p\u00fablicos da Prefeitura de Foz do Igua\u00e7u.\u00a0 [&hellip;]<\/p>\n","protected":false},"author":2,"featured_media":913,"comment_status":"open","ping_status":"open","sticky":false,"template":"","format":"standard","meta":{"om_disable_all_campaigns":false,"_monsterinsights_skip_tracking":false,"_monsterinsights_sitenote_active":false,"_monsterinsights_sitenote_note":"","_monsterinsights_sitenote_category":0,"footnotes":""},"categories":[4,15],"tags":[],"class_list":["post-910","post","type-post","status-publish","format-standard","has-post-thumbnail","hentry","category-cidade","category-trabalho"],"_links":{"self":[{"href":"https:\/\/acontecenafronteira.com.br\/index.php\/wp-json\/wp\/v2\/posts\/910","targetHints":{"allow":["GET"]}}],"collection":[{"href":"https:\/\/acontecenafronteira.com.br\/index.php\/wp-json\/wp\/v2\/posts"}],"about":[{"href":"https:\/\/acontecenafronteira.com.br\/index.php\/wp-json\/wp\/v2\/types\/post"}],"author":[{"embeddable":true,"href":"https:\/\/acontecenafronteira.com.br\/index.php\/wp-json\/wp\/v2\/users\/2"}],"replies":[{"embeddable":true,"href":"https:\/\/acontecenafronteira.com.br\/index.php\/wp-json\/wp\/v2\/comments?post=910"}],"version-history":[{"count":1,"href":"https:\/\/acontecenafronteira.com.br\/index.php\/wp-json\/wp\/v2\/posts\/910\/revisions"}],"predecessor-version":[{"id":914,"href":"https:\/\/acontecenafronteira.com.br\/index.php\/wp-json\/wp\/v2\/posts\/910\/revisions\/914"}],"wp:featuredmedia":[{"embeddable":true,"href":"https:\/\/acontecenafronteira.com.br\/index.php\/wp-json\/wp\/v2\/media\/913"}],"wp:attachment":[{"href":"https:\/\/acontecenafronteira.com.br\/index.php\/wp-json\/wp\/v2\/media?parent=910"}],"wp:term":[{"taxonomy":"category","embeddable":true,"href":"https:\/\/acontecenafronteira.com.br\/index.php\/wp-json\/wp\/v2\/categories?post=910"},{"taxonomy":"post_tag","embeddable":true,"href":"https:\/\/acontecenafronteira.com.br\/index.php\/wp-json\/wp\/v2\/tags?post=910"}],"curies":[{"name":"wp","href":"https:\/\/api.w.org\/{rel}","templated":true}]}}