{"id":9089,"date":"2022-05-15T19:04:22","date_gmt":"2022-05-15T22:04:22","guid":{"rendered":"https:\/\/acontecenafronteira.com.br\/?p=9089"},"modified":"2022-05-15T19:04:23","modified_gmt":"2022-05-15T22:04:23","slug":"gestores-das-escolas-municipais-participam-da-jornada-de-sensibilizacao-interna-da-agenda-2030-e-seus-ods","status":"publish","type":"post","link":"https:\/\/acontecenafronteira.com.br\/index.php\/2022\/05\/15\/gestores-das-escolas-municipais-participam-da-jornada-de-sensibilizacao-interna-da-agenda-2030-e-seus-ods\/","title":{"rendered":"Gestores das escolas municipais participam da Jornada de Sensibiliza\u00e7\u00e3o Interna da Agenda 2030 e seus ODS"},"content":{"rendered":"\n<p>Atividades promovidas pela Secretaria de Meio Ambiente v\u00e3o at\u00e9 o dia 02 de junho<\/p>\n\n\n\n<p>A Secretaria de Meio Ambiente de Foz do Igua\u00e7u est\u00e1 promovendo a Jornada Municipal de Sensibiliza\u00e7\u00e3o Interna da Agenda 2030 e os 17 Objetivos de Desenvolvimento Sustent\u00e1vel (ODS) com os 50 gestores &#8211; entre diretores e coordenadores pedag\u00f3gicos &#8211; das 50 escolas municipais.<\/p>\n\n\n\n<p>Agenda 2030 \u00e9 um plano de a\u00e7\u00e3o global que re\u00fane 17 ODS e 169 metas, criados para erradicar a pobreza e promover vida digna a todos, dentro das condi\u00e7\u00f5es que o planeta Terra oferece e sem comprometer a qualidade de vida das pr\u00f3ximas gera\u00e7\u00f5es.<\/p>\n\n\n\n<p>Desde 2017, quando o governo do munic\u00edpio de Foz do Igua\u00e7u assinou a Carta Compromisso do Programa Cidades Sustent\u00e1veis, s\u00e3o realizadas atividades de reconhecimento, di\u00e1logos e a\u00e7\u00f5es conjuntas com os servidores municipais. As iniciativas possibilitam o enraizamento da proposta em n\u00edvel institucional e colaboram para que Foz do Igua\u00e7u seja reconhecida como uma cidade cada vez mais sustent\u00e1vel.<\/p>\n\n\n\n<p>A jornada tem como objetivo principal socializar conceitos da Agenda 2030, as a\u00e7\u00f5es planejadas e executadas pelo governo municipal correlatas a cada um dos 17 Objetivos do Desenvolvimento Sustent\u00e1vel e avan\u00e7ar na constru\u00e7\u00e3o de um banco de boas pr\u00e1ticas municipal.<\/p>\n\n\n\n<blockquote class=\"wp-block-quote is-layout-flow wp-block-quote-is-layout-flow\"><p>\u201cDesde o in\u00edcio do nosso governo trabalhamos os Objetivos de Desenvolvimento Sustent\u00e1vel, tamb\u00e9m como objetivo de governo, de planejar a cidade, tanto que o Plano Plurianual e as a\u00e7\u00f5es de planejamento estrat\u00e9gico de Foz do Igua\u00e7u est\u00e3o conectados com os ODS propostos pela ONU, afirma o prefeito Chico Brasileiro.<\/p><\/blockquote>\n\n\n\n<blockquote class=\"wp-block-quote is-layout-flow wp-block-quote-is-layout-flow\"><p>\u201cPor isso, estas atividades de sensibiliza\u00e7\u00e3o, para que todos da administra\u00e7\u00e3o municipal se envolvam, s\u00e3o muito importantes\u201d, complementa o prefeito.<\/p><\/blockquote>\n\n\n\n<p>Metodologia<\/p>\n\n\n\n<p>A programa\u00e7\u00e3o da jornada tem dura\u00e7\u00e3o de 18 dias, entre 9 de maio e 2 de junho. Os participantes recebem orienta\u00e7\u00f5es dos passos a seguir, visando o reconhecimento di\u00e1rio de cada um dos 17 ODS.<\/p>\n\n\n\n<p>A metodologia utilizada \u00e9 baseada na Campanha desenvolvida pelo Grupo da Agenda 2030 e seus Objetivos de Desenvolvimento Sustent\u00e1vel (ODS) e da Nova Agenda Urbana (NAU) \u2013 GODSNAU \u2013 do Paranacidade. Para a jornada municipal foram acrescidos alguns passos de acordo com a especificidade e objetivos locais.<\/p>\n\n\n\n<p>A Jornada Municipal de Sensibiliza\u00e7\u00e3o Interna \u2013 Agenda 2030 e seus ODS iniciou no ano de 2021, com a realiza\u00e7\u00e3o de uma campanha (entre os dias 24 de novembro a 17 de dezembro de 2021), tendo como p\u00fablico os gestores (diretores e diretoras) das secretarias, autarquias e funda\u00e7\u00e3o municipal.<\/p>\n","protected":false},"excerpt":{"rendered":"<p>Atividades promovidas pela Secretaria de Meio Ambiente v\u00e3o at\u00e9 o dia 02 de junho A Secretaria de Meio Ambiente de Foz do Igua\u00e7u est\u00e1 promovendo a Jornada Municipal de Sensibiliza\u00e7\u00e3o Interna da Agenda 2030 e os 17 Objetivos de Desenvolvimento Sustent\u00e1vel (ODS) com os 50 gestores &#8211; entre diretores e coordenadores pedag\u00f3gicos &#8211; das 50 [&hellip;]<\/p>\n","protected":false},"author":2,"featured_media":9090,"comment_status":"open","ping_status":"open","sticky":false,"template":"","format":"standard","meta":{"om_disable_all_campaigns":false,"_monsterinsights_skip_tracking":false,"_monsterinsights_sitenote_active":false,"_monsterinsights_sitenote_note":"","_monsterinsights_sitenote_category":0,"footnotes":""},"categories":[4,8],"tags":[],"class_list":["post-9089","post","type-post","status-publish","format-standard","has-post-thumbnail","hentry","category-cidade","category-educaca0"],"_links":{"self":[{"href":"https:\/\/acontecenafronteira.com.br\/index.php\/wp-json\/wp\/v2\/posts\/9089","targetHints":{"allow":["GET"]}}],"collection":[{"href":"https:\/\/acontecenafronteira.com.br\/index.php\/wp-json\/wp\/v2\/posts"}],"about":[{"href":"https:\/\/acontecenafronteira.com.br\/index.php\/wp-json\/wp\/v2\/types\/post"}],"author":[{"embeddable":true,"href":"https:\/\/acontecenafronteira.com.br\/index.php\/wp-json\/wp\/v2\/users\/2"}],"replies":[{"embeddable":true,"href":"https:\/\/acontecenafronteira.com.br\/index.php\/wp-json\/wp\/v2\/comments?post=9089"}],"version-history":[{"count":1,"href":"https:\/\/acontecenafronteira.com.br\/index.php\/wp-json\/wp\/v2\/posts\/9089\/revisions"}],"predecessor-version":[{"id":9091,"href":"https:\/\/acontecenafronteira.com.br\/index.php\/wp-json\/wp\/v2\/posts\/9089\/revisions\/9091"}],"wp:featuredmedia":[{"embeddable":true,"href":"https:\/\/acontecenafronteira.com.br\/index.php\/wp-json\/wp\/v2\/media\/9090"}],"wp:attachment":[{"href":"https:\/\/acontecenafronteira.com.br\/index.php\/wp-json\/wp\/v2\/media?parent=9089"}],"wp:term":[{"taxonomy":"category","embeddable":true,"href":"https:\/\/acontecenafronteira.com.br\/index.php\/wp-json\/wp\/v2\/categories?post=9089"},{"taxonomy":"post_tag","embeddable":true,"href":"https:\/\/acontecenafronteira.com.br\/index.php\/wp-json\/wp\/v2\/tags?post=9089"}],"curies":[{"name":"wp","href":"https:\/\/api.w.org\/{rel}","templated":true}]}}