{"id":9065,"date":"2022-05-12T15:04:59","date_gmt":"2022-05-12T18:04:59","guid":{"rendered":"https:\/\/acontecenafronteira.com.br\/?p=9065"},"modified":"2022-05-12T15:06:57","modified_gmt":"2022-05-12T18:06:57","slug":"morreu-no-hospital-rapaz-de-29-anos-que-fez-mulher-refem-em-toledo","status":"publish","type":"post","link":"https:\/\/acontecenafronteira.com.br\/index.php\/2022\/05\/12\/morreu-no-hospital-rapaz-de-29-anos-que-fez-mulher-refem-em-toledo\/","title":{"rendered":"Morreu no hospital rapaz de 29 anos que fez mulher ref\u00e9m em Toledo"},"content":{"rendered":"\n<p>Ele foi baleado por um policial militar durante tentativa de salvamento da jovem que era mantida ref\u00e9m<\/p>\n\n\n\n<figure class=\"wp-block-video\"><video height=\"360\" style=\"aspect-ratio: 640 \/ 360;\" width=\"640\" controls src=\"https:\/\/acontecenafronteira.com.br\/wp-content\/uploads\/2022\/05\/9271084.mp4\"><\/video><\/figure>\n\n\n\n<p>Homem de&nbsp;<a href=\"https:\/\/catve.com\/noticia\/9\/364793\/jovem-e-mantida-refem-e-esfaqueada-em-toledo-agressor-foi-baleado-no-braco-pela-pm\" target=\"_blank\" rel=\"noreferrer noopener\">29 anos que esfaqueou e manteve ref\u00e9m jovem de 19 anos em Toledo,<\/a>&nbsp;morreu no fim da manh\u00e3 desta quinta-feira (12).<\/p>\n\n\n\n<p>O rapaz foi baleado por policial militar durante tentativa de salvamento da jovem que era mantida ref\u00e9m dentro da pr\u00f3pria casa no Centro de Toledo.<\/p>\n\n\n\n<p>O homem foi atingido por um tiro na regi\u00e3o do bra\u00e7o, foi socorrido pelo Siate e encaminhado ao hospital, passou por cirurgia mas n\u00e3o resistiu.<\/p>\n\n\n\n<p>A jovem que foi socorrida com<a href=\"https:\/\/catve.com\/noticia\/9\/364814\/homem-que-esfaqueou-jovem-em-toledo-abordou-a-vitima-chegando-em-casa\" target=\"_blank\" rel=\"noreferrer noopener\">&nbsp;v\u00e1rias perfura\u00e7\u00f5es feitas com uma faca de serra&nbsp; segue internada em um hospital aqui de Cascavel.<\/a>&nbsp;De acordo com&nbsp;<\/p>\n\n\n\n<p>Situa\u00e7\u00e3o aconteceu na madrugada de hoje (12) quando a jovem chegava em casa&nbsp; e foi abordada pelo homem que de acordo com a PM, era morador de rua.<\/p>\n","protected":false},"excerpt":{"rendered":"<p>Ele foi baleado por um policial militar durante tentativa de salvamento da jovem que era mantida ref\u00e9m Homem de&nbsp;29 anos que esfaqueou e manteve ref\u00e9m jovem de 19 anos em Toledo,&nbsp;morreu no fim da manh\u00e3 desta quinta-feira (12). O rapaz foi baleado por policial militar durante tentativa de salvamento da jovem que era mantida ref\u00e9m [&hellip;]<\/p>\n","protected":false},"author":2,"featured_media":9069,"comment_status":"open","ping_status":"open","sticky":false,"template":"","format":"standard","meta":{"om_disable_all_campaigns":false,"_monsterinsights_skip_tracking":false,"_monsterinsights_sitenote_active":false,"_monsterinsights_sitenote_note":"","_monsterinsights_sitenote_category":0,"footnotes":""},"categories":[18,5],"tags":[],"class_list":["post-9065","post","type-post","status-publish","format-standard","has-post-thumbnail","hentry","category-parana","category-policia"],"_links":{"self":[{"href":"https:\/\/acontecenafronteira.com.br\/index.php\/wp-json\/wp\/v2\/posts\/9065","targetHints":{"allow":["GET"]}}],"collection":[{"href":"https:\/\/acontecenafronteira.com.br\/index.php\/wp-json\/wp\/v2\/posts"}],"about":[{"href":"https:\/\/acontecenafronteira.com.br\/index.php\/wp-json\/wp\/v2\/types\/post"}],"author":[{"embeddable":true,"href":"https:\/\/acontecenafronteira.com.br\/index.php\/wp-json\/wp\/v2\/users\/2"}],"replies":[{"embeddable":true,"href":"https:\/\/acontecenafronteira.com.br\/index.php\/wp-json\/wp\/v2\/comments?post=9065"}],"version-history":[{"count":1,"href":"https:\/\/acontecenafronteira.com.br\/index.php\/wp-json\/wp\/v2\/posts\/9065\/revisions"}],"predecessor-version":[{"id":9068,"href":"https:\/\/acontecenafronteira.com.br\/index.php\/wp-json\/wp\/v2\/posts\/9065\/revisions\/9068"}],"wp:featuredmedia":[{"embeddable":true,"href":"https:\/\/acontecenafronteira.com.br\/index.php\/wp-json\/wp\/v2\/media\/9069"}],"wp:attachment":[{"href":"https:\/\/acontecenafronteira.com.br\/index.php\/wp-json\/wp\/v2\/media?parent=9065"}],"wp:term":[{"taxonomy":"category","embeddable":true,"href":"https:\/\/acontecenafronteira.com.br\/index.php\/wp-json\/wp\/v2\/categories?post=9065"},{"taxonomy":"post_tag","embeddable":true,"href":"https:\/\/acontecenafronteira.com.br\/index.php\/wp-json\/wp\/v2\/tags?post=9065"}],"curies":[{"name":"wp","href":"https:\/\/api.w.org\/{rel}","templated":true}]}}