{"id":9029,"date":"2022-05-11T18:01:41","date_gmt":"2022-05-11T21:01:41","guid":{"rendered":"https:\/\/acontecenafronteira.com.br\/?p=9029"},"modified":"2022-05-11T18:01:41","modified_gmt":"2022-05-11T21:01:41","slug":"autoridades-destacam-midia-espontanea-com-sobrevoo-nas-cataratas","status":"publish","type":"post","link":"https:\/\/acontecenafronteira.com.br\/index.php\/2022\/05\/11\/autoridades-destacam-midia-espontanea-com-sobrevoo-nas-cataratas\/","title":{"rendered":"Autoridades destacam m\u00eddia espont\u00e2nea com sobrevoo nas Cataratas"},"content":{"rendered":"\n<p>Reportagem especial do programa Fant\u00e1stico com o atleta Fernando Fernandes teve 20,1% de audi\u00eancia somente na Grande S\u00e3o Paulo, o que representa mais de 1,5 milh\u00e3o de aparelhos ligados<\/p>\n\n\n\n<p>A imagem das Cataratas do Igua\u00e7u ganhou destaque na m\u00eddia nacional, no domingo (8), com a aventura do atleta Fernando Fernandes sobrevoando o atrativo a bordo de um paramotor adaptado. O alcance da reportagem especial no programa Fant\u00e1stico da TV Globo \u00e9 ainda imensur\u00e1vel, em m\u00eddia espont\u00e2nea para Foz do Igua\u00e7u.<\/p>\n\n\n\n<p>Somente na grande S\u00e3o Paulo, a revista dominical pontuou 20,1% na audi\u00eancia e cada ponto equivale a 74.666 domic\u00edlios, o que representa mais de 1,5 milh\u00e3o de aparelhos ligados no melhor Ibope da Globo no dia. Os n\u00fameros s\u00e3o da Kantar Ibope Media.<\/p>\n\n\n\n<p>Os dados n\u00e3o incluem a audi\u00eancia em outras pra\u00e7as da Globo e nem a repercuss\u00e3o em outros canais de comunica\u00e7\u00e3o e noticiosos do grupo &#8211; sites, G1, RPC -, nas redes sociais (youtube, twitter, instagram, facebook, tik-tok) e nos grupos de whatsapp.<\/p>\n\n\n\n<p>&#8220;A divulga\u00e7\u00e3o das Cataratas do Igua\u00e7u pelo Fant\u00e1stico mostra que o turismo do Paran\u00e1 \u00e9 um dos destinos mais procurados pelos visitantes nacionais. Os nossos atrativos e hot\u00e9is j\u00e1 est\u00e3o recuperando os n\u00fameros de visita\u00e7\u00f5es e ocupa\u00e7\u00f5es de 2019, antes da pandemia&#8221;, disse o governador Ratinho Junior.<\/p>\n\n\n\n<blockquote class=\"wp-block-quote is-layout-flow wp-block-quote-is-layout-flow\"><p>&#8220;O Governo do Estado j\u00e1 tem um plano arrojado de diversifica\u00e7\u00e3o da atividade em outros polos regionais, al\u00e9m de Foz do Igua\u00e7u, do litoral e de Curitiba. Todas as regi\u00f5es do estado t\u00eam seus atrativos com potencial para atrair milhares de visitantes. Mas \u00e9 claro que as Cataratas do Igua\u00e7u s\u00e3o o nosso principal cart\u00e3o portal&#8221;, completou.<\/p><\/blockquote>\n\n\n\n<p>Trabalho conjunto<\/p>\n\n\n\n<p>O prefeito Chico Brasileiro destacou o esfor\u00e7o para superar a pandemia e recuperar o movimento na principal atividade econ\u00f4mica da cidade. &#8220;\u00c9 um trabalho conjunto do poder p\u00fablico e o setor produtivo. E s\u00e3o muito importantes as mat\u00e9rias divulgadas desta forma ampla como a do sobrevoo pelas Cataratas do Igua\u00e7u&#8221;, afirmou.<\/p>\n\n\n\n<blockquote class=\"wp-block-quote is-layout-flow wp-block-quote-is-layout-flow\"><p>&#8220;J\u00e1 temos umas das imagens mais reconhecidas no mundo e o Fant\u00e1stico e Fernando Fernandes destacam, mais uma vez, a beleza da nossa natureza e mostram tamb\u00e9m que o turismo de Foz do Igua\u00e7u \u00e9 uma das melhores op\u00e7\u00f5es para o brasileiro visitar neste e nos pr\u00f3ximos anos&#8221;, completou o prefeito.<\/p><\/blockquote>\n\n\n\n<p>&#8220;Ter um atrativo do nosso Estado escolhido pelo Fernando Fernandes, um atleta \u00edcone, para a pr\u00e1tica de um esporte de aventura desse n\u00edvel \u00e9 um orgulho para todos os paranaenses. Isso demonstra que estamos no caminho certo para a inclus\u00e3o do uso p\u00fablico dos espa\u00e7os naturais do Estado de forma consciente por todos&#8221;, disse o secret\u00e1rio estadual do Desenvolvimento Sustent\u00e1vel e do Turismo, Everton Souza.<\/p>\n\n\n\n<p>Promo\u00e7\u00e3o da Tr\u00edplice Fronteira<\/p>\n\n\n\n<p>O presidente do Visit Iguassu, Felipe Gonzalez, reiterou que o sobrevoo de Fernandes, al\u00e9m de espetacular, promoveu sobremaneira a principal atra\u00e7\u00e3o do turismo da tr\u00edplice fronteira. &#8220;O Visit Iguassu cumprindo seu papel no destino, participou integralmente no apoio e log\u00edstica&#8221;.<\/p>\n\n\n\n<blockquote class=\"wp-block-quote is-layout-flow wp-block-quote-is-layout-flow\"><p>&#8220;A mat\u00e9ria ficou espetacular no Fant\u00e1stico da TV Globo muito tamb\u00e9m porque o feito do Fernando Fernandes \u00e9 muito emblem\u00e1tico por tudo que o mesmo representa como ser humano. Foi maravilhoso assisti-lo sobrevoando uma das nossas maravilhas. E tudo s\u00f3 foi poss\u00edvel pela participa\u00e7\u00e3o e apoio recebido&#8221;, completou.<\/p><\/blockquote>\n\n\n\n<p>O secret\u00e1rio municipal de Turismo, Paulo Angeli, disse que o atleta Fernando Fernandes \u00e9 um vencedor que tem seguidores que v\u00e3o repercutir em todos os canais de comunica\u00e7\u00e3o e redes sociais. &#8220;As Cataratas do Igua\u00e7u realmente encantam. S\u00f3 temos que agradecer ao Fernando Fernandes, a TV Globo e ao Fant\u00e1stico e as outras pessoas que participaram da produ\u00e7\u00e3o&#8221;.<\/p>\n\n\n\n<p>Marcelo Martini, presidente do SindHot\u00e9is, disse que Foz do Igua\u00e7u sempre surpreende at\u00e9 mesmo quem j\u00e1 visitou os atrativos mais de uma vez. &#8220;A cada visita \u00e0s Cataratas ou qualquer outro atrativo, h\u00e1 algo diferente, novo, que n\u00e3o foi observado antes&#8221;.<\/p>\n\n\n\n<p>Redes sociais<\/p>\n\n\n\n<p>O alcance e a repercuss\u00e3o da mat\u00e9ria do Fant\u00e1stico, segundo os especialistas em comunica\u00e7\u00e3o, podem representar pelo menos 20 vezes mais do que a audi\u00eancia do programa em mais de 1.5 milh\u00e3o de domic\u00edlios na grande S\u00e3o Paulo. O perfil da revista dominical no Facebook tem 7,9 milh\u00f5es de seguidores. A postagem da mat\u00e9ria de Fernandes, at\u00e9 o fechamento desta edi\u00e7\u00e3o, teve 111 curtidas, 10 coment\u00e1rios e 24 compartilhamentos. O perfil do atleta na rede tem 541 mil seguidores.<\/p>\n\n\n\n<p>No youtube, a TV Globo tem 4,2 milh\u00f5es de inscritos. O v\u00eddeo da mat\u00e9ria j\u00e1 passou de duas mil visualiza\u00e7\u00f5es. No Instagram, o Fant\u00e1stico que tem 2,8 milh\u00f5es de seguidores e postou o sobrevoo. Nesta rede, o perfil de Fernandes tem 586 mil seguidores.<\/p>\n\n\n\n<p>O v\u00eddeo ganhou repercuss\u00e3o nos grupos de whatsapp e nos canais (sites, tv&#8217;s, r\u00e1dios e redes sociais) dos noticiosos do grupo Globo, de outros ve\u00edculos de comunica\u00e7\u00e3o e de usu\u00e1rios pessoais dessas redes. &#8220;Pelo impacto que est\u00e1 tendo, o v\u00eddeo da mat\u00e9ria vai viralizar nas redes sociais&#8221;, disse um especialista em m\u00eddias digitais.<\/p>\n","protected":false},"excerpt":{"rendered":"<p>Reportagem especial do programa Fant\u00e1stico com o atleta Fernando Fernandes teve 20,1% de audi\u00eancia somente na Grande S\u00e3o Paulo, o que representa mais de 1,5 milh\u00e3o de aparelhos ligados A imagem das Cataratas do Igua\u00e7u ganhou destaque na m\u00eddia nacional, no domingo (8), com a aventura do atleta Fernando Fernandes sobrevoando o atrativo a bordo [&hellip;]<\/p>\n","protected":false},"author":2,"featured_media":9030,"comment_status":"open","ping_status":"open","sticky":false,"template":"","format":"standard","meta":{"om_disable_all_campaigns":false,"_monsterinsights_skip_tracking":false,"_monsterinsights_sitenote_active":false,"_monsterinsights_sitenote_note":"","_monsterinsights_sitenote_category":0,"footnotes":""},"categories":[4,9],"tags":[],"class_list":["post-9029","post","type-post","status-publish","format-standard","has-post-thumbnail","hentry","category-cidade","category-turismo"],"_links":{"self":[{"href":"https:\/\/acontecenafronteira.com.br\/index.php\/wp-json\/wp\/v2\/posts\/9029","targetHints":{"allow":["GET"]}}],"collection":[{"href":"https:\/\/acontecenafronteira.com.br\/index.php\/wp-json\/wp\/v2\/posts"}],"about":[{"href":"https:\/\/acontecenafronteira.com.br\/index.php\/wp-json\/wp\/v2\/types\/post"}],"author":[{"embeddable":true,"href":"https:\/\/acontecenafronteira.com.br\/index.php\/wp-json\/wp\/v2\/users\/2"}],"replies":[{"embeddable":true,"href":"https:\/\/acontecenafronteira.com.br\/index.php\/wp-json\/wp\/v2\/comments?post=9029"}],"version-history":[{"count":1,"href":"https:\/\/acontecenafronteira.com.br\/index.php\/wp-json\/wp\/v2\/posts\/9029\/revisions"}],"predecessor-version":[{"id":9031,"href":"https:\/\/acontecenafronteira.com.br\/index.php\/wp-json\/wp\/v2\/posts\/9029\/revisions\/9031"}],"wp:featuredmedia":[{"embeddable":true,"href":"https:\/\/acontecenafronteira.com.br\/index.php\/wp-json\/wp\/v2\/media\/9030"}],"wp:attachment":[{"href":"https:\/\/acontecenafronteira.com.br\/index.php\/wp-json\/wp\/v2\/media?parent=9029"}],"wp:term":[{"taxonomy":"category","embeddable":true,"href":"https:\/\/acontecenafronteira.com.br\/index.php\/wp-json\/wp\/v2\/categories?post=9029"},{"taxonomy":"post_tag","embeddable":true,"href":"https:\/\/acontecenafronteira.com.br\/index.php\/wp-json\/wp\/v2\/tags?post=9029"}],"curies":[{"name":"wp","href":"https:\/\/api.w.org\/{rel}","templated":true}]}}