{"id":8984,"date":"2022-05-10T10:10:28","date_gmt":"2022-05-10T13:10:28","guid":{"rendered":"https:\/\/acontecenafronteira.com.br\/?p=8984"},"modified":"2022-05-10T10:10:28","modified_gmt":"2022-05-10T13:10:28","slug":"156-foz-contribui-para-fiscalizacoes-contra-focos-do-mosquito-da-dengue","status":"publish","type":"post","link":"https:\/\/acontecenafronteira.com.br\/index.php\/2022\/05\/10\/156-foz-contribui-para-fiscalizacoes-contra-focos-do-mosquito-da-dengue\/","title":{"rendered":"156 Foz contribui para fiscaliza\u00e7\u00f5es contra focos do mosquito da dengue"},"content":{"rendered":"\n<p>Desde janeiro foram mais de 500 chamados atendidos pela plataforma e cerca de R$ 530 mil multas aplicadas<\/p>\n\n\n\n<p>O servi\u00e7o de den\u00fancias presente no aplicativo 156 Foz est\u00e1 contribuindo para que as equipes de fiscaliza\u00e7\u00e3o da Prefeitura de Foz do Igua\u00e7u contribuam com a elimina\u00e7\u00e3o de focos do mosquito transmissor da dengue. Desde o come\u00e7o do ano, foram mais de 520 chamados atendidos a partir da plataforma.<\/p>\n\n\n\n<p>A facilidade da solicita\u00e7\u00e3o via telefone ou aplicativo tem sido essencial para o trabalho realizado diariamente, vistoriando resid\u00eancias e terrenos baldios com alto grau de prolifera\u00e7\u00e3o da doen\u00e7a.<\/p>\n\n\n\n<p>Com as informa\u00e7\u00f5es das den\u00fancias, os fiscais v\u00e3o at\u00e9 o local, e, caso constatada a situa\u00e7\u00e3o, \u00e9 aplicado o auto de infra\u00e7\u00e3o, com a c\u00f3pia do Processo Fiscal encaminhada \u00e0 Secretaria de Meio Ambiente para execu\u00e7\u00e3o da limpeza do terreno.<\/p>\n\n\n\n<p>Em caso de reincid\u00eancia, a multa poder\u00e1 ter o dobro do valor \u2013 em 2022, foram aplicados mais de R$ 520 mil em multas a propriet\u00e1rios por conta da falta de cuidados.<\/p>\n\n\n\n<p>De acordo com o chefe de fiscaliza\u00e7\u00e3o da Secretaria da Fazenda, Jos\u00e9 Roberto Ferreira, os problemas s\u00e3o recorrentes, principalmente por conta do descarte incorreto de materiais como entulhos, restos de constru\u00e7\u00e3o civil, garrafas, pneus, entre outros objetos que acumulam \u00e1gua e podem ser prop\u00edcios para a cria\u00e7\u00e3o de larvas do mosquito.<\/p>\n\n\n\n<blockquote class=\"wp-block-quote is-layout-flow wp-block-quote-is-layout-flow\"><p>\u201cQualquer item descartado fora do lugar ideal \u00e9 capaz de acumular \u00e1gua e ser criadouro, por isso \u00e9 mais do que necess\u00e1rio ter em mente que tomar uma atitude errada pode causar danos graves ao coletivo\u201d, frisou.<\/p><\/blockquote>\n\n\n\n<p>Os moradores devem continuar utilizando a ferramenta 156 para realizar den\u00fancias e auxiliar o trabalho de fiscaliza\u00e7\u00e3o. Por meio do aplicativo, \u00e9 poss\u00edvel ainda adicionar fotos e\/ou v\u00eddeos para comprovar a den\u00fancia.<\/p>\n\n\n\n<p>A\u00e7\u00f5es de limpeza<\/p>\n\n\n\n<p>A Secretaria de Meio Ambiente realiza a\u00e7\u00f5es de limpezas frequentes em diversas regi\u00f5es da cidade, retirando de terrenos p\u00fablicos grandes quantidades de res\u00edduos irregulares.<\/p>\n\n\n\n<p>Para facilitar o descarte correto, foram criados &#8220;ecopontos&#8221;, distribu\u00eddos em quatro Unidades de Valoriza\u00e7\u00e3o de Recicl\u00e1veis nas regi\u00f5es dos bairros Morumbi, Tr\u00eas Lagoas, Am\u00e9rica e Jardim das Palmeiras. Nelas, \u00e9 poss\u00edvel deixar materiais volumosos, como restos de m\u00f3veis e de materiais de constru\u00e7\u00e3o. Nas comunidades mais vulner\u00e1veis, a partir da solicita\u00e7\u00e3o da associa\u00e7\u00e3o de moradores, tamb\u00e9m s\u00e3o instaladas ca\u00e7ambas para o descarte desses materiais. A localiza\u00e7\u00e3o das ca\u00e7ambas est\u00e1 dispon\u00edvel no aplicativo 156 Foz.<\/p>\n\n\n\n<blockquote class=\"wp-block-quote is-layout-flow wp-block-quote-is-layout-flow\"><p>\u201cAs equipes da Prefeitura est\u00e3o sempre nas ruas, observado terrenos que precisam ser limpos e tra\u00e7ando cronogramas de a\u00e7\u00e3o. Precisamos do apoio para que esses espa\u00e7os p\u00fablicos continuem sem lixo acumulado, mas tamb\u00e9m \u00e9 importante que os donos de terrenos mantenham os locais sempre bem cuidados, limpos e evitando o mato alto\u201d, alertou o prefeito Chico Brasileiro.<\/p><\/blockquote>\n\n\n\n<p>Casos de dengue<\/p>\n\n\n\n<p>Foz do Igua\u00e7u possui um Comit\u00ea de Combate \u00e0 Dengue, integrado por equipes da Secretaria da Fazenda, Centro de Controle de Zoonoses (CCZ) e Defesa Civil. Por conta do per\u00edodo \u00famido e chuvoso, o n\u00edvel de alerta foi redobrado para o aumento de casos da doen\u00e7a.<\/p>\n\n\n\n<p>As unidades b\u00e1sicas de sa\u00fade continuam sendo refer\u00eancias para atendimentos a casos suspeitos de dengue. Os principais sintomas s\u00e3o febre, dor de cabe\u00e7a, dores pelo corpo, e n\u00e1useas. O aparecimento de manchas vermelhas na pele, sangramentos (nariz, gengivas), dor abdominal intensa e cont\u00ednua e v\u00f4mitos persistentes podem indicar um sinal de alarme para formas graves da doen\u00e7a.<\/p>\n","protected":false},"excerpt":{"rendered":"<p>Desde janeiro foram mais de 500 chamados atendidos pela plataforma e cerca de R$ 530 mil multas aplicadas O servi\u00e7o de den\u00fancias presente no aplicativo 156 Foz est\u00e1 contribuindo para que as equipes de fiscaliza\u00e7\u00e3o da Prefeitura de Foz do Igua\u00e7u contribuam com a elimina\u00e7\u00e3o de focos do mosquito transmissor da dengue. Desde o come\u00e7o [&hellip;]<\/p>\n","protected":false},"author":2,"featured_media":8985,"comment_status":"open","ping_status":"open","sticky":false,"template":"","format":"standard","meta":{"om_disable_all_campaigns":false,"_monsterinsights_skip_tracking":false,"_monsterinsights_sitenote_active":false,"_monsterinsights_sitenote_note":"","_monsterinsights_sitenote_category":0,"footnotes":""},"categories":[4,10],"tags":[],"class_list":["post-8984","post","type-post","status-publish","format-standard","has-post-thumbnail","hentry","category-cidade","category-saude"],"_links":{"self":[{"href":"https:\/\/acontecenafronteira.com.br\/index.php\/wp-json\/wp\/v2\/posts\/8984","targetHints":{"allow":["GET"]}}],"collection":[{"href":"https:\/\/acontecenafronteira.com.br\/index.php\/wp-json\/wp\/v2\/posts"}],"about":[{"href":"https:\/\/acontecenafronteira.com.br\/index.php\/wp-json\/wp\/v2\/types\/post"}],"author":[{"embeddable":true,"href":"https:\/\/acontecenafronteira.com.br\/index.php\/wp-json\/wp\/v2\/users\/2"}],"replies":[{"embeddable":true,"href":"https:\/\/acontecenafronteira.com.br\/index.php\/wp-json\/wp\/v2\/comments?post=8984"}],"version-history":[{"count":1,"href":"https:\/\/acontecenafronteira.com.br\/index.php\/wp-json\/wp\/v2\/posts\/8984\/revisions"}],"predecessor-version":[{"id":8986,"href":"https:\/\/acontecenafronteira.com.br\/index.php\/wp-json\/wp\/v2\/posts\/8984\/revisions\/8986"}],"wp:featuredmedia":[{"embeddable":true,"href":"https:\/\/acontecenafronteira.com.br\/index.php\/wp-json\/wp\/v2\/media\/8985"}],"wp:attachment":[{"href":"https:\/\/acontecenafronteira.com.br\/index.php\/wp-json\/wp\/v2\/media?parent=8984"}],"wp:term":[{"taxonomy":"category","embeddable":true,"href":"https:\/\/acontecenafronteira.com.br\/index.php\/wp-json\/wp\/v2\/categories?post=8984"},{"taxonomy":"post_tag","embeddable":true,"href":"https:\/\/acontecenafronteira.com.br\/index.php\/wp-json\/wp\/v2\/tags?post=8984"}],"curies":[{"name":"wp","href":"https:\/\/api.w.org\/{rel}","templated":true}]}}