{"id":8964,"date":"2022-05-10T09:51:54","date_gmt":"2022-05-10T12:51:54","guid":{"rendered":"https:\/\/acontecenafronteira.com.br\/?p=8964"},"modified":"2022-05-10T09:51:55","modified_gmt":"2022-05-10T12:51:55","slug":"oficina-de-grafite-mostra-a-adolescentes-os-beneficios-do-cuidado-com-os-espacos-publicos","status":"publish","type":"post","link":"https:\/\/acontecenafronteira.com.br\/index.php\/2022\/05\/10\/oficina-de-grafite-mostra-a-adolescentes-os-beneficios-do-cuidado-com-os-espacos-publicos\/","title":{"rendered":"Oficina de grafite mostra a adolescentes os benef\u00edcios do cuidado com os espa\u00e7os p\u00fablicos"},"content":{"rendered":"\n<p>Adolescentes do Centro de Aten\u00e7\u00e3o Integral ao Adolescente (Caia), participaram de uma interven\u00e7\u00e3o art\u00edstica no Parque Remador<\/p>\n\n\n\n<p>A transforma\u00e7\u00e3o de espa\u00e7os p\u00fablicos por meio da arte e natureza foi o tema tratado em sala que se tornou uma atividade pr\u00e1tica para os jovens que integram projetos sociais do Centro de Aten\u00e7\u00e3o Integral ao Adolescente (Caia). Nesta segunda-feira (9), eles participaram de uma oficina de arte em grafite na pista de skate do Parque Remador.<\/p>\n\n\n\n<p>Por meio do exerc\u00edcio do uso do spray em t\u00e9cnicas de sombreamento, os adolescentes exerceram a criatividade e a arte livremente em uma fase teste. A pr\u00f3xima etapa ser\u00e1 uma grafitagem especial das rampas, feita pelo grafiteiro Davi Souza.<\/p>\n\n\n\n<p>Conforme conta Eduarda Pedroso, de 14 anos, o trabalho come\u00e7ou com uma atividade em grupo, pesquisando como o cuidado com espa\u00e7os p\u00fablicos pode ser ben\u00e9fico para a sociedade e uso coletivo.<\/p>\n\n\n\n<blockquote class=\"wp-block-quote is-layout-flow wp-block-quote-is-layout-flow\"><p>\u201cO tema do meu grupo fez sobre a import\u00e2ncia das plantas e como a natureza pode ajudar a controlar muitos problemas que enfrentamos. Foi bom pesquisar e descobrir tudo isso. Queremos tamb\u00e9m que outras pessoas aprendam\u201d, contou Eduarda.<\/p><\/blockquote>\n\n\n\n<blockquote class=\"wp-block-quote is-layout-flow wp-block-quote-is-layout-flow\"><p>\u201cEssa escolha de local, no Parque Remador, teve essa finalidade. Os estudantes s\u00e3o moradores do bairro e esse \u00e9 um local central para eles, gerando uma fixa\u00e7\u00e3o muito maior de conhecimento e senso de pertencimento\u201d, disse a coordenadora da Divis\u00e3o de Educa\u00e7\u00e3o Ambiental da Secretaria Municipal de Meio Ambiente, Roseli Barquez.<\/p><\/blockquote>\n\n\n\n<p>Trabalho municipal<\/p>\n\n\n\n<p>A oficina integra as atividades do conv\u00eanio da Linha Ecol\u00f3gica da Itaipu Binacional, em parceria com o Conselho dos Munic\u00edpios Lindeiros ao Lago de Itaipu e Prefeitura de Foz do Igua\u00e7u.<\/p>\n\n\n\n<p>A a\u00e7\u00e3o \u00e9 coordenada pela Secretaria Municipal de Meio Ambiente e gestoras municipais de Educa\u00e7\u00e3o Ambiental da Bacia do Paran\u00e1 3.<\/p>\n\n\n\n<p><\/p>\n\n\n\n<figure class=\"wp-block-gallery has-nested-images columns-default is-cropped wp-block-gallery-1 is-layout-flex wp-block-gallery-is-layout-flex\">\n<figure class=\"wp-block-image size-large\"><a href=\"https:\/\/acontecenafronteira.com.br\/wp-content\/uploads\/2022\/05\/WhatsApp-Image-2022-05-10-at-09.08.00.jpeg\"><img loading=\"lazy\" decoding=\"async\" width=\"799\" height=\"533\" data-id=\"8968\" src=\"http:\/\/acontecenafronteira.com.br\/wp-content\/uploads\/2022\/05\/WhatsApp-Image-2022-05-10-at-09.08.00.jpeg\" alt=\"\" class=\"wp-image-8968\" srcset=\"https:\/\/acontecenafronteira.com.br\/wp-content\/uploads\/2022\/05\/WhatsApp-Image-2022-05-10-at-09.08.00.jpeg?v=1652187013 799w, https:\/\/acontecenafronteira.com.br\/wp-content\/uploads\/2022\/05\/WhatsApp-Image-2022-05-10-at-09.08.00-300x200.jpeg?v=1652187013 300w, https:\/\/acontecenafronteira.com.br\/wp-content\/uploads\/2022\/05\/WhatsApp-Image-2022-05-10-at-09.08.00-768x512.jpeg?v=1652187013 768w\" sizes=\"auto, (max-width: 799px) 100vw, 799px\" \/><\/a><\/figure>\n\n\n\n<figure class=\"wp-block-image size-large\"><a href=\"https:\/\/acontecenafronteira.com.br\/wp-content\/uploads\/2022\/05\/WhatsApp-Image-2022-05-10-at-09.08.01.jpeg\"><img loading=\"lazy\" decoding=\"async\" width=\"799\" height=\"533\" data-id=\"8967\" src=\"http:\/\/acontecenafronteira.com.br\/wp-content\/uploads\/2022\/05\/WhatsApp-Image-2022-05-10-at-09.08.01.jpeg\" alt=\"\" class=\"wp-image-8967\" srcset=\"https:\/\/acontecenafronteira.com.br\/wp-content\/uploads\/2022\/05\/WhatsApp-Image-2022-05-10-at-09.08.01.jpeg?v=1652187011 799w, https:\/\/acontecenafronteira.com.br\/wp-content\/uploads\/2022\/05\/WhatsApp-Image-2022-05-10-at-09.08.01-300x200.jpeg?v=1652187011 300w, https:\/\/acontecenafronteira.com.br\/wp-content\/uploads\/2022\/05\/WhatsApp-Image-2022-05-10-at-09.08.01-768x512.jpeg?v=1652187011 768w\" sizes=\"auto, (max-width: 799px) 100vw, 799px\" \/><\/a><\/figure>\n\n\n\n<figure class=\"wp-block-image size-large\"><a href=\"https:\/\/acontecenafronteira.com.br\/wp-content\/uploads\/2022\/05\/WhatsApp-Image-2022-05-10-at-09.08.02.jpeg\"><img loading=\"lazy\" decoding=\"async\" width=\"799\" height=\"533\" data-id=\"8966\" src=\"http:\/\/acontecenafronteira.com.br\/wp-content\/uploads\/2022\/05\/WhatsApp-Image-2022-05-10-at-09.08.02.jpeg\" alt=\"\" class=\"wp-image-8966\" srcset=\"https:\/\/acontecenafronteira.com.br\/wp-content\/uploads\/2022\/05\/WhatsApp-Image-2022-05-10-at-09.08.02.jpeg?v=1652187011 799w, https:\/\/acontecenafronteira.com.br\/wp-content\/uploads\/2022\/05\/WhatsApp-Image-2022-05-10-at-09.08.02-300x200.jpeg?v=1652187011 300w, https:\/\/acontecenafronteira.com.br\/wp-content\/uploads\/2022\/05\/WhatsApp-Image-2022-05-10-at-09.08.02-768x512.jpeg?v=1652187011 768w\" sizes=\"auto, (max-width: 799px) 100vw, 799px\" \/><\/a><\/figure>\n\n\n\n<figure class=\"wp-block-image size-large\"><a href=\"https:\/\/acontecenafronteira.com.br\/wp-content\/uploads\/2022\/05\/WhatsApp-Image-2022-05-10-at-09.08.02-1.jpeg\"><img loading=\"lazy\" decoding=\"async\" width=\"799\" height=\"533\" data-id=\"8965\" src=\"http:\/\/acontecenafronteira.com.br\/wp-content\/uploads\/2022\/05\/WhatsApp-Image-2022-05-10-at-09.08.02-1.jpeg\" alt=\"\" class=\"wp-image-8965\" srcset=\"https:\/\/acontecenafronteira.com.br\/wp-content\/uploads\/2022\/05\/WhatsApp-Image-2022-05-10-at-09.08.02-1.jpeg?v=1652187010 799w, https:\/\/acontecenafronteira.com.br\/wp-content\/uploads\/2022\/05\/WhatsApp-Image-2022-05-10-at-09.08.02-1-300x200.jpeg?v=1652187010 300w, https:\/\/acontecenafronteira.com.br\/wp-content\/uploads\/2022\/05\/WhatsApp-Image-2022-05-10-at-09.08.02-1-768x512.jpeg?v=1652187010 768w\" sizes=\"auto, (max-width: 799px) 100vw, 799px\" \/><\/a><\/figure>\n<\/figure>\n","protected":false},"excerpt":{"rendered":"<p>Adolescentes do Centro de Aten\u00e7\u00e3o Integral ao Adolescente (Caia), participaram de uma interven\u00e7\u00e3o art\u00edstica no Parque Remador A transforma\u00e7\u00e3o de espa\u00e7os p\u00fablicos por meio da arte e natureza foi o tema tratado em sala que se tornou uma atividade pr\u00e1tica para os jovens que integram projetos sociais do Centro de Aten\u00e7\u00e3o Integral ao Adolescente (Caia). [&hellip;]<\/p>\n","protected":false},"author":2,"featured_media":8965,"comment_status":"open","ping_status":"open","sticky":false,"template":"","format":"standard","meta":{"om_disable_all_campaigns":false,"_monsterinsights_skip_tracking":false,"_monsterinsights_sitenote_active":false,"_monsterinsights_sitenote_note":"","_monsterinsights_sitenote_category":0,"footnotes":""},"categories":[4,13],"tags":[],"class_list":["post-8964","post","type-post","status-publish","format-standard","has-post-thumbnail","hentry","category-cidade","category-entretenimento"],"_links":{"self":[{"href":"https:\/\/acontecenafronteira.com.br\/index.php\/wp-json\/wp\/v2\/posts\/8964","targetHints":{"allow":["GET"]}}],"collection":[{"href":"https:\/\/acontecenafronteira.com.br\/index.php\/wp-json\/wp\/v2\/posts"}],"about":[{"href":"https:\/\/acontecenafronteira.com.br\/index.php\/wp-json\/wp\/v2\/types\/post"}],"author":[{"embeddable":true,"href":"https:\/\/acontecenafronteira.com.br\/index.php\/wp-json\/wp\/v2\/users\/2"}],"replies":[{"embeddable":true,"href":"https:\/\/acontecenafronteira.com.br\/index.php\/wp-json\/wp\/v2\/comments?post=8964"}],"version-history":[{"count":1,"href":"https:\/\/acontecenafronteira.com.br\/index.php\/wp-json\/wp\/v2\/posts\/8964\/revisions"}],"predecessor-version":[{"id":8969,"href":"https:\/\/acontecenafronteira.com.br\/index.php\/wp-json\/wp\/v2\/posts\/8964\/revisions\/8969"}],"wp:featuredmedia":[{"embeddable":true,"href":"https:\/\/acontecenafronteira.com.br\/index.php\/wp-json\/wp\/v2\/media\/8965"}],"wp:attachment":[{"href":"https:\/\/acontecenafronteira.com.br\/index.php\/wp-json\/wp\/v2\/media?parent=8964"}],"wp:term":[{"taxonomy":"category","embeddable":true,"href":"https:\/\/acontecenafronteira.com.br\/index.php\/wp-json\/wp\/v2\/categories?post=8964"},{"taxonomy":"post_tag","embeddable":true,"href":"https:\/\/acontecenafronteira.com.br\/index.php\/wp-json\/wp\/v2\/tags?post=8964"}],"curies":[{"name":"wp","href":"https:\/\/api.w.org\/{rel}","templated":true}]}}