{"id":8893,"date":"2022-05-05T16:00:09","date_gmt":"2022-05-05T19:00:09","guid":{"rendered":"https:\/\/acontecenafronteira.com.br\/?p=8893"},"modified":"2022-05-05T16:00:10","modified_gmt":"2022-05-05T19:00:10","slug":"embaixador-do-paraguai-no-brasil-recebe-o-titulo-de-hospede-oficial-de-foz-do-iguacu","status":"publish","type":"post","link":"https:\/\/acontecenafronteira.com.br\/index.php\/2022\/05\/05\/embaixador-do-paraguai-no-brasil-recebe-o-titulo-de-hospede-oficial-de-foz-do-iguacu\/","title":{"rendered":"Embaixador do Paraguai no Brasil recebe o t\u00edtulo de H\u00f3spede Oficial de Foz do Igua\u00e7u"},"content":{"rendered":"\n<p>Juan \u00c1ngel Delgadillo esteve em Foz para conversa com o prefeito Chico Brasileiro e para conhecer as obras de infraestrutura da Ponte da Integra\u00e7\u00e3o<\/p>\n\n\n\n<p><em>Foto: Welyton Manoel\/PMFI.<br><br><\/em>O Embaixador do Paraguai no Brasil, Juan \u00c1ngel Delgadillo, recebeu o t\u00edtulo de H\u00f3spede Oficial do Munic\u00edpio de Foz do Igua\u00e7u, honraria entregue pelo prefeito Chico Brasileiro nesta quinta-feira (5), durante a primeira visita oficial da autoridade ao munic\u00edpio.<br><br>O t\u00edtulo celebra as parcerias e o trabalho conjunto realizado entre Foz e os munic\u00edpios paraguaios que integram a faixa de fronteira.&nbsp;<br><br>Durante o encontro, o prefeito Chico Brasileiro detalhou os principais avan\u00e7os em infraestrutura que a cidade vem recebendo, entre eles, a constru\u00e7\u00e3o da Ponte da Integra\u00e7\u00e3o &#8211; Brasil e Paraguai, que ir\u00e1 melhor fluxo de cargas e log\u00edstica entre os pa\u00edses.&nbsp;&nbsp;<br><br>\u201cN\u00f3s vivemos dessa integra\u00e7\u00e3o, algo quase \u00fanico em todo o mundo. Termos la\u00e7os estreitos e acordos bilaterais s\u00f3 garantem avan\u00e7os para o coletivo, gerando melhorias para os cidad\u00e3os de ambos os pa\u00edses. Esse t\u00edtulo dado ao embaixador representa que estamos sempre de bra\u00e7os abertos para receb\u00ea-los\u201d, afirmou o prefeito.&nbsp;<br><br>O embaixador destacou o papel da Itaipu Binacional como um dos s\u00edmbolos m\u00e1ximos dessa integra\u00e7\u00e3o, e agradeceu pela gest\u00e3o em sa\u00fade do munic\u00edpio que permitiu o apoio mutua durante a pandemia da covid-19.<br><br>\u201cCom a Ponte da Integra\u00e7\u00e3o, ser\u00e1 gerado um novo fluxo de transporte, que desenvolver\u00e1 ainda mais a regi\u00e3o com o crescimento do com\u00e9rcio, do turismo, com aten\u00e7\u00e3o para o meio ambiente e os anseios da regi\u00e3o. A Itaipu \u00e9 mais do que nossa Usina Binacional geradora de energia el\u00e9trica, \u00e9 tamb\u00e9m prestadora de servi\u00e7os para garantir o desenvolvimento e qualidade de vida da popula\u00e7\u00e3o\u201d, declarou Delgadillo.<\/p>\n\n\n\n<p><strong>Acordos em andamento<br><br><\/strong>A vinda do embaixador foi organizada pela Diretoria de Assuntos Internacionais de Foz do Igua\u00e7u, respons\u00e1vel pelos relacionamentos internacionais do Munic\u00edpio. A diretoria tem atuado fortemente na aplica\u00e7\u00e3o do Acordo de Localidades Fronteiri\u00e7as Vinculadas, que institucionaliza Foz do Igua\u00e7u, Ciudad do Leste, Hernandarias e Presidente Franco como cidades codependentes.<br><br>Os acordos de coopera\u00e7\u00e3o j\u00e1 envolvem as \u00e1reas de cultura, esporte, sa\u00fade, seguran\u00e7a e assist\u00eancia social.\u00a0\u201cO contato \u00e9 frequente para estabelecermos metas de trabalho e abertura das fronteiras para a boa rela\u00e7\u00e3o. Temos essa liberdade de realizar um encontro direto com as autoridades federais, o que nos ajuda muito a criar projetos relevantes para as nossas popula\u00e7\u00f5es\u201d, detalhou o diretor da \u00e1rea, Jihad Abu Ali.<\/p>\n\n\n\n<figure class=\"wp-block-gallery has-nested-images columns-default is-cropped wp-block-gallery-1 is-layout-flex wp-block-gallery-is-layout-flex\">\n<figure class=\"wp-block-image size-large is-style-default\"><a href=\"https:\/\/acontecenafronteira.com.br\/wp-content\/uploads\/2022\/05\/WhatsApp-Image-2022-05-05-at-14.43.22-1.jpeg\"><img loading=\"lazy\" decoding=\"async\" width=\"799\" height=\"533\" data-id=\"8895\" src=\"https:\/\/acontecenafronteira.com.br\/wp-content\/uploads\/2022\/05\/WhatsApp-Image-2022-05-05-at-14.43.22-1.jpeg\" alt=\"\" class=\"wp-image-8895\" srcset=\"https:\/\/acontecenafronteira.com.br\/wp-content\/uploads\/2022\/05\/WhatsApp-Image-2022-05-05-at-14.43.22-1.jpeg?v=1651777199 799w, https:\/\/acontecenafronteira.com.br\/wp-content\/uploads\/2022\/05\/WhatsApp-Image-2022-05-05-at-14.43.22-1-300x200.jpeg?v=1651777199 300w, https:\/\/acontecenafronteira.com.br\/wp-content\/uploads\/2022\/05\/WhatsApp-Image-2022-05-05-at-14.43.22-1-768x512.jpeg?v=1651777199 768w\" sizes=\"auto, (max-width: 799px) 100vw, 799px\" \/><\/a><\/figure>\n\n\n\n<figure class=\"wp-block-image size-large is-style-default\"><a href=\"https:\/\/acontecenafronteira.com.br\/wp-content\/uploads\/2022\/05\/WhatsApp-Image-2022-05-05-at-14.43.22.jpeg\"><img loading=\"lazy\" decoding=\"async\" width=\"799\" height=\"533\" data-id=\"8896\" src=\"https:\/\/acontecenafronteira.com.br\/wp-content\/uploads\/2022\/05\/WhatsApp-Image-2022-05-05-at-14.43.22.jpeg\" alt=\"\" class=\"wp-image-8896\" srcset=\"https:\/\/acontecenafronteira.com.br\/wp-content\/uploads\/2022\/05\/WhatsApp-Image-2022-05-05-at-14.43.22.jpeg?v=1651777199 799w, https:\/\/acontecenafronteira.com.br\/wp-content\/uploads\/2022\/05\/WhatsApp-Image-2022-05-05-at-14.43.22-300x200.jpeg?v=1651777199 300w, https:\/\/acontecenafronteira.com.br\/wp-content\/uploads\/2022\/05\/WhatsApp-Image-2022-05-05-at-14.43.22-768x512.jpeg?v=1651777199 768w\" sizes=\"auto, (max-width: 799px) 100vw, 799px\" \/><\/a><\/figure>\n\n\n\n<figure class=\"wp-block-image size-large is-style-default\"><a href=\"https:\/\/acontecenafronteira.com.br\/wp-content\/uploads\/2022\/05\/WhatsApp-Image-2022-05-05-at-14.43.21.jpeg\"><img loading=\"lazy\" decoding=\"async\" width=\"799\" height=\"533\" data-id=\"8897\" src=\"https:\/\/acontecenafronteira.com.br\/wp-content\/uploads\/2022\/05\/WhatsApp-Image-2022-05-05-at-14.43.21.jpeg\" alt=\"\" class=\"wp-image-8897\" srcset=\"https:\/\/acontecenafronteira.com.br\/wp-content\/uploads\/2022\/05\/WhatsApp-Image-2022-05-05-at-14.43.21.jpeg?v=1651777199 799w, https:\/\/acontecenafronteira.com.br\/wp-content\/uploads\/2022\/05\/WhatsApp-Image-2022-05-05-at-14.43.21-300x200.jpeg?v=1651777199 300w, https:\/\/acontecenafronteira.com.br\/wp-content\/uploads\/2022\/05\/WhatsApp-Image-2022-05-05-at-14.43.21-768x512.jpeg?v=1651777199 768w\" sizes=\"auto, (max-width: 799px) 100vw, 799px\" \/><\/a><\/figure>\n<\/figure>\n","protected":false},"excerpt":{"rendered":"<p>Juan \u00c1ngel Delgadillo esteve em Foz para conversa com o prefeito Chico Brasileiro e para conhecer as obras de infraestrutura da Ponte da Integra\u00e7\u00e3o Foto: Welyton Manoel\/PMFI. O Embaixador do Paraguai no Brasil, Juan \u00c1ngel Delgadillo, recebeu o t\u00edtulo de H\u00f3spede Oficial do Munic\u00edpio de Foz do Igua\u00e7u, honraria entregue pelo prefeito Chico Brasileiro nesta [&hellip;]<\/p>\n","protected":false},"author":2,"featured_media":8898,"comment_status":"open","ping_status":"open","sticky":false,"template":"","format":"standard","meta":{"om_disable_all_campaigns":false,"_monsterinsights_skip_tracking":false,"_monsterinsights_sitenote_active":false,"_monsterinsights_sitenote_note":"","_monsterinsights_sitenote_category":0,"footnotes":""},"categories":[4,21,9],"tags":[],"class_list":["post-8893","post","type-post","status-publish","format-standard","has-post-thumbnail","hentry","category-cidade","category-fronteira","category-turismo"],"_links":{"self":[{"href":"https:\/\/acontecenafronteira.com.br\/index.php\/wp-json\/wp\/v2\/posts\/8893","targetHints":{"allow":["GET"]}}],"collection":[{"href":"https:\/\/acontecenafronteira.com.br\/index.php\/wp-json\/wp\/v2\/posts"}],"about":[{"href":"https:\/\/acontecenafronteira.com.br\/index.php\/wp-json\/wp\/v2\/types\/post"}],"author":[{"embeddable":true,"href":"https:\/\/acontecenafronteira.com.br\/index.php\/wp-json\/wp\/v2\/users\/2"}],"replies":[{"embeddable":true,"href":"https:\/\/acontecenafronteira.com.br\/index.php\/wp-json\/wp\/v2\/comments?post=8893"}],"version-history":[{"count":1,"href":"https:\/\/acontecenafronteira.com.br\/index.php\/wp-json\/wp\/v2\/posts\/8893\/revisions"}],"predecessor-version":[{"id":8899,"href":"https:\/\/acontecenafronteira.com.br\/index.php\/wp-json\/wp\/v2\/posts\/8893\/revisions\/8899"}],"wp:featuredmedia":[{"embeddable":true,"href":"https:\/\/acontecenafronteira.com.br\/index.php\/wp-json\/wp\/v2\/media\/8898"}],"wp:attachment":[{"href":"https:\/\/acontecenafronteira.com.br\/index.php\/wp-json\/wp\/v2\/media?parent=8893"}],"wp:term":[{"taxonomy":"category","embeddable":true,"href":"https:\/\/acontecenafronteira.com.br\/index.php\/wp-json\/wp\/v2\/categories?post=8893"},{"taxonomy":"post_tag","embeddable":true,"href":"https:\/\/acontecenafronteira.com.br\/index.php\/wp-json\/wp\/v2\/tags?post=8893"}],"curies":[{"name":"wp","href":"https:\/\/api.w.org\/{rel}","templated":true}]}}