{"id":8869,"date":"2022-05-05T15:53:04","date_gmt":"2022-05-05T18:53:04","guid":{"rendered":"https:\/\/acontecenafronteira.com.br\/?p=8869"},"modified":"2022-05-05T15:53:05","modified_gmt":"2022-05-05T18:53:05","slug":"visac-adesiva-os-onibus-com-laco-do-maio-amarelo","status":"publish","type":"post","link":"https:\/\/acontecenafronteira.com.br\/index.php\/2022\/05\/05\/visac-adesiva-os-onibus-com-laco-do-maio-amarelo\/","title":{"rendered":"VISAC adesiva os \u00f4nibus com la\u00e7o do Maio Amarelo"},"content":{"rendered":"\n<p>A Via\u00e7\u00e3o Santa Clara (VISAC) aderiu ao Maio Amarelo \u2013 M\u00eas de Preven\u00e7\u00e3o e Cuidado no Tr\u00e2nsito. Uma das primeiras a\u00e7\u00f5es da empresa foi adesivar os 90 \u00f4nibus que transportam os igua\u00e7uenses e turistas todos os dias em Foz do Igua\u00e7u com a frase: \u201cMaio Amarelo: Aten\u00e7\u00e3o no Tr\u00e2nsito Salva Vidas\u201d.<\/p>\n\n\n\n<p>A proposta da VISAC \u00e9 conscientizar motoristas e passageiros sobre a constru\u00e7\u00e3o de um tr\u00e2nsito mais seguro.<\/p>\n\n\n\n<p>Em parceria com o SEST\/SENAT temas como dire\u00e7\u00e3o defensiva, check-up de procedimentos de seguran\u00e7a, revis\u00e3o das principais normas do C\u00f3digo de Tr\u00e2nsito Brasileiro e espec\u00edficas para o transporte de cargas ser\u00e3o abordados com os colaboradores durante todo o m\u00eas.<\/p>\n\n\n\n<p>Materiais com dicas sobre a preven\u00e7\u00e3o de acidentes que envolvam \u00f4nibus, tamb\u00e9m ser\u00e3o compartilhados entre os motoristas.<\/p>\n\n\n\n<p>Redu\u00e7\u00e3o de mortes<\/p>\n\n\n\n<p>Segundo o Instituto de Tr\u00e2nsito de Foz (Foztrans) o trabalho integrado entre poder p\u00fablico, iniciativa privada e sociedade civil organizada com a\u00e7\u00f5es de fiscaliza\u00e7\u00e3o, educa\u00e7\u00e3o e infraestrutura tem contribu\u00eddo para a redu\u00e7\u00e3o no n\u00famero de acidentes e \u00f3bitos no tr\u00e2nsito de Foz do Igua\u00e7u.<\/p>\n\n\n\n<p>De acordo com dados do Programa Vida no Tr\u00e2nsito (PVT) e C\u00e2mara T\u00e9cnica de Tr\u00e2nsito do Gabinete de Gest\u00e3o Integrada Municipal (GGIM), em 2021 foram registrados 2.929 acidentes em vias p\u00fablicas com 28 v\u00edtimas fatais. Em 2019, antes da pandemia, foram contabilizados 3.555 acidentes e 36 \u00f3bitos, uma redu\u00e7\u00e3o de 17% e 22%, respectivamente.<\/p>\n\n\n\n<p>Maio Amarelo<\/p>\n\n\n\n<p>O Maio Amarelo foi escolhido em 2011 pela Organiza\u00e7\u00e3o das Na\u00e7\u00f5es Unidas (ONU) para alertar a sociedade sobre o alto \u00edndice de acidentes no tr\u00e2nsito, por meio de uma a\u00e7\u00e3o coordenada entre o poder p\u00fablico e a sociedade civil.<\/p>\n\n\n\n<p>A inten\u00e7\u00e3o \u00e9 colocar em pauta o tema seguran\u00e7a vi\u00e1ria e mobilizar toda a sociedade, envolvendo os mais diversos segmentos para, efetivamente, discutir o tr\u00e2nsito e propagar o conhecimento, abordando toda a amplitude que a quest\u00e3o exige, nas mais diferentes esferas.<\/p>\n\n\n\n<p>Mais informa\u00e7\u00f5es: www.visac.com.br<\/p>\n","protected":false},"excerpt":{"rendered":"<p>A Via\u00e7\u00e3o Santa Clara (VISAC) aderiu ao Maio Amarelo \u2013 M\u00eas de Preven\u00e7\u00e3o e Cuidado no Tr\u00e2nsito. Uma das primeiras a\u00e7\u00f5es da empresa foi adesivar os 90 \u00f4nibus que transportam os igua\u00e7uenses e turistas todos os dias em Foz do Igua\u00e7u com a frase: \u201cMaio Amarelo: Aten\u00e7\u00e3o no Tr\u00e2nsito Salva Vidas\u201d. A proposta da VISAC [&hellip;]<\/p>\n","protected":false},"author":2,"featured_media":8870,"comment_status":"open","ping_status":"open","sticky":false,"template":"","format":"standard","meta":{"om_disable_all_campaigns":false,"_monsterinsights_skip_tracking":false,"_monsterinsights_sitenote_active":false,"_monsterinsights_sitenote_note":"","_monsterinsights_sitenote_category":0,"footnotes":""},"categories":[4],"tags":[],"class_list":["post-8869","post","type-post","status-publish","format-standard","has-post-thumbnail","hentry","category-cidade"],"_links":{"self":[{"href":"https:\/\/acontecenafronteira.com.br\/index.php\/wp-json\/wp\/v2\/posts\/8869","targetHints":{"allow":["GET"]}}],"collection":[{"href":"https:\/\/acontecenafronteira.com.br\/index.php\/wp-json\/wp\/v2\/posts"}],"about":[{"href":"https:\/\/acontecenafronteira.com.br\/index.php\/wp-json\/wp\/v2\/types\/post"}],"author":[{"embeddable":true,"href":"https:\/\/acontecenafronteira.com.br\/index.php\/wp-json\/wp\/v2\/users\/2"}],"replies":[{"embeddable":true,"href":"https:\/\/acontecenafronteira.com.br\/index.php\/wp-json\/wp\/v2\/comments?post=8869"}],"version-history":[{"count":1,"href":"https:\/\/acontecenafronteira.com.br\/index.php\/wp-json\/wp\/v2\/posts\/8869\/revisions"}],"predecessor-version":[{"id":8871,"href":"https:\/\/acontecenafronteira.com.br\/index.php\/wp-json\/wp\/v2\/posts\/8869\/revisions\/8871"}],"wp:featuredmedia":[{"embeddable":true,"href":"https:\/\/acontecenafronteira.com.br\/index.php\/wp-json\/wp\/v2\/media\/8870"}],"wp:attachment":[{"href":"https:\/\/acontecenafronteira.com.br\/index.php\/wp-json\/wp\/v2\/media?parent=8869"}],"wp:term":[{"taxonomy":"category","embeddable":true,"href":"https:\/\/acontecenafronteira.com.br\/index.php\/wp-json\/wp\/v2\/categories?post=8869"},{"taxonomy":"post_tag","embeddable":true,"href":"https:\/\/acontecenafronteira.com.br\/index.php\/wp-json\/wp\/v2\/tags?post=8869"}],"curies":[{"name":"wp","href":"https:\/\/api.w.org\/{rel}","templated":true}]}}