{"id":8853,"date":"2022-05-05T09:46:07","date_gmt":"2022-05-05T12:46:07","guid":{"rendered":"https:\/\/acontecenafronteira.com.br\/?p=8853"},"modified":"2022-05-05T09:46:08","modified_gmt":"2022-05-05T12:46:08","slug":"guarda-municipal-de-foz-do-iguacu-completa-28-anos-de-atuacao-nesta-quinta-feira-05","status":"publish","type":"post","link":"https:\/\/acontecenafronteira.com.br\/index.php\/2022\/05\/05\/guarda-municipal-de-foz-do-iguacu-completa-28-anos-de-atuacao-nesta-quinta-feira-05\/","title":{"rendered":"Guarda Municipal de Foz do Igua\u00e7u completa 28 anos de atua\u00e7\u00e3o nesta quinta-feira, 05"},"content":{"rendered":"\n<p>Em 2021, foram mais de 8.500 ocorr\u00eancias atendidas pela corpora\u00e7\u00e3o<\/p>\n\n\n\n<p>Nesta quinta-feira, 5 de maio, a Guarda Municipal de Foz do Igua\u00e7u comemora 28 anos de atua\u00e7\u00e3o. Respons\u00e1vel pela prote\u00e7\u00e3o do patrim\u00f4nio p\u00fablico, a corpora\u00e7\u00e3o tamb\u00e9m tem um papel importante no combate \u00e0 criminalidade na fronteira. S\u00e3o mais de 250 servidores que atuam em todos os bairros da cidade, oferecendo um atendimento de qualidade \u00e0 popula\u00e7\u00e3o igua\u00e7uense.<\/p>\n\n\n\n<p>Em 28 anos de trabalho, os guardas municipais de Foz do Igua\u00e7u j\u00e1 atenderam mais de 300 mil ocorr\u00eancias, em diversos setores como tr\u00e2nsito, t\u00e1tico, defesa ambiental, Patrulha Maria da Penha, Defesa Civil, Corregedoria e Gest\u00e3o Integrada.<\/p>\n\n\n\n<blockquote class=\"wp-block-quote is-layout-flow wp-block-quote-is-layout-flow\"><p>\u201cQuero parabenizar todos os componentes &#8211; homens e mulheres &#8211; Guarda Municipal. \u00c9 uma institui\u00e7\u00e3o que ao longo deste tempo tem se desenvolvido e contribu\u00eddo significativamente para reduzirmos os \u00edndices de viol\u00eancia do munic\u00edpio. A GM tem cuidado e protegido da sociedade, e feito um papel muito relevante para Foz do Igua\u00e7u\u201d, afirma o prefeito Chico Brasileiro.<\/p><\/blockquote>\n\n\n\n<figure class=\"wp-block-gallery has-nested-images columns-default is-cropped wp-block-gallery-1 is-layout-flex wp-block-gallery-is-layout-flex\">\n<figure class=\"wp-block-image size-large\"><a href=\"https:\/\/acontecenafronteira.com.br\/wp-content\/uploads\/2022\/05\/WhatsApp-Image-2022-05-05-at-07.47.34.jpeg\"><img loading=\"lazy\" decoding=\"async\" width=\"500\" height=\"276\" data-id=\"8854\" src=\"http:\/\/acontecenafronteira.com.br\/wp-content\/uploads\/2022\/05\/WhatsApp-Image-2022-05-05-at-07.47.34.jpeg\" alt=\"\" class=\"wp-image-8854\" srcset=\"https:\/\/acontecenafronteira.com.br\/wp-content\/uploads\/2022\/05\/WhatsApp-Image-2022-05-05-at-07.47.34.jpeg?v=1651754739 500w, https:\/\/acontecenafronteira.com.br\/wp-content\/uploads\/2022\/05\/WhatsApp-Image-2022-05-05-at-07.47.34-300x166.jpeg?v=1651754739 300w\" sizes=\"auto, (max-width: 500px) 100vw, 500px\" \/><\/a><\/figure>\n\n\n\n<figure class=\"wp-block-image size-large\"><a href=\"https:\/\/acontecenafronteira.com.br\/wp-content\/uploads\/2022\/05\/WhatsApp-Image-2022-05-05-at-07.47.33.jpeg\"><img loading=\"lazy\" decoding=\"async\" width=\"707\" height=\"434\" data-id=\"8855\" src=\"http:\/\/acontecenafronteira.com.br\/wp-content\/uploads\/2022\/05\/WhatsApp-Image-2022-05-05-at-07.47.33.jpeg\" alt=\"\" class=\"wp-image-8855\" srcset=\"https:\/\/acontecenafronteira.com.br\/wp-content\/uploads\/2022\/05\/WhatsApp-Image-2022-05-05-at-07.47.33.jpeg?v=1651754740 707w, https:\/\/acontecenafronteira.com.br\/wp-content\/uploads\/2022\/05\/WhatsApp-Image-2022-05-05-at-07.47.33-300x184.jpeg?v=1651754740 300w\" sizes=\"auto, (max-width: 707px) 100vw, 707px\" \/><\/a><\/figure>\n<\/figure>\n\n\n\n<p>Somente em 2021, a Guarda Municipal de Foz atendeu o total de 8.759 ocorr\u00eancias. Foram realizadas 58.974 rondas e vistorias em pr\u00e9dios p\u00fablicos e 6.832 atendimentos atrav\u00e9s dos telefones 153 e 199.<\/p>\n\n\n\n<p>No servi\u00e7o realizado pela Patrulha Maria da Penha, foram feitas 13.906 visitas a mulheres em situa\u00e7\u00e3o de risco. Pela Defesa Civil foram registrados 1.061 mil atendimentos. Tamb\u00e9m foram 229 a\u00e7\u00f5es em 124 opera\u00e7\u00f5es da A\u00e7\u00e3o Integrada de Fiscaliza\u00e7\u00e3o Urbana (AIFU) e 58 reuni\u00f5es das C\u00e2maras T\u00e9cnicas.<\/p>\n\n\n\n<p>O trabalho desenvolvido pela Guarda Municipal no munic\u00edpio rendeu resultados positivos neste ano. Foram 10.448 ve\u00edculos abordados no tr\u00e2nsito, com 1.413 ve\u00edculos apreendidos e 2.609 autos de infra\u00e7\u00e3o.<\/p>\n\n\n\n<p>Al\u00e9m disso, a GM prestou apoio em oito casos de homic\u00eddios, 64 casos de roubos, 204 de furto, 315 de viol\u00eancia dom\u00e9stica, 687 de perturba\u00e7\u00e3o de sossego, 39 armas de fogo apreendidas e o cumprimento de 40 mandados de pris\u00e3o.<\/p>\n\n\n\n<p>O secret\u00e1rio de Seguran\u00e7a P\u00fablica do munic\u00edpio, tenente-coronel Marcos Ant\u00f4nio Jahnke, ressaltou a import\u00e2ncia da institui\u00e7\u00e3o para a seguran\u00e7a da popula\u00e7\u00e3o igua\u00e7uense. Para Jahnke, a corpora\u00e7\u00e3o conta hoje com valorosos servidores que se dedicam integralmente em prestar o melhor atendimento \u00e0 popula\u00e7\u00e3o. \u201cS\u00e3o muitas atividades que a Guarda Municipal se faz presente, e tudo visando o melhor servi\u00e7o prestado e refor\u00e7ando o setor da seguran\u00e7a p\u00fablica na cidade\u201d.<\/p>\n\n\n\n<p>Futuro da GM de Foz<\/p>\n\n\n\n<p>Sobre o futuro da Guarda Municipal, o secret\u00e1rio de Seguran\u00e7a P\u00fablica afirmou que tem como objetivo proporcionar melhorias na estrutura f\u00edsica da institui\u00e7\u00e3o, com a aquisi\u00e7\u00e3o de novas viaturas. \u201cTamb\u00e9m iniciaremos a conversa com o prefeito Chico brasileiro em rela\u00e7\u00e3o \u00e0 possibilidade de um novo concurso p\u00fablico para GM de Foz\u201d, disse.<\/p>\n\n\n\n<p>Homenagem<\/p>\n\n\n\n<p>A Guarda Municipal de Foz do Igua\u00e7u ser\u00e1 homenageada hoje, \u00e0s 9h, na C\u00e2mara Municipal, com uma mo\u00e7\u00e3o de aplausos.<\/p>\n","protected":false},"excerpt":{"rendered":"<p>Em 2021, foram mais de 8.500 ocorr\u00eancias atendidas pela corpora\u00e7\u00e3o Nesta quinta-feira, 5 de maio, a Guarda Municipal de Foz do Igua\u00e7u comemora 28 anos de atua\u00e7\u00e3o. Respons\u00e1vel pela prote\u00e7\u00e3o do patrim\u00f4nio p\u00fablico, a corpora\u00e7\u00e3o tamb\u00e9m tem um papel importante no combate \u00e0 criminalidade na fronteira. S\u00e3o mais de 250 servidores que atuam em todos [&hellip;]<\/p>\n","protected":false},"author":2,"featured_media":8856,"comment_status":"open","ping_status":"open","sticky":false,"template":"","format":"standard","meta":{"om_disable_all_campaigns":false,"_monsterinsights_skip_tracking":false,"_monsterinsights_sitenote_active":false,"_monsterinsights_sitenote_note":"","_monsterinsights_sitenote_category":0,"footnotes":""},"categories":[4,20],"tags":[],"class_list":["post-8853","post","type-post","status-publish","format-standard","has-post-thumbnail","hentry","category-cidade","category-seguranca"],"_links":{"self":[{"href":"https:\/\/acontecenafronteira.com.br\/index.php\/wp-json\/wp\/v2\/posts\/8853","targetHints":{"allow":["GET"]}}],"collection":[{"href":"https:\/\/acontecenafronteira.com.br\/index.php\/wp-json\/wp\/v2\/posts"}],"about":[{"href":"https:\/\/acontecenafronteira.com.br\/index.php\/wp-json\/wp\/v2\/types\/post"}],"author":[{"embeddable":true,"href":"https:\/\/acontecenafronteira.com.br\/index.php\/wp-json\/wp\/v2\/users\/2"}],"replies":[{"embeddable":true,"href":"https:\/\/acontecenafronteira.com.br\/index.php\/wp-json\/wp\/v2\/comments?post=8853"}],"version-history":[{"count":1,"href":"https:\/\/acontecenafronteira.com.br\/index.php\/wp-json\/wp\/v2\/posts\/8853\/revisions"}],"predecessor-version":[{"id":8857,"href":"https:\/\/acontecenafronteira.com.br\/index.php\/wp-json\/wp\/v2\/posts\/8853\/revisions\/8857"}],"wp:featuredmedia":[{"embeddable":true,"href":"https:\/\/acontecenafronteira.com.br\/index.php\/wp-json\/wp\/v2\/media\/8856"}],"wp:attachment":[{"href":"https:\/\/acontecenafronteira.com.br\/index.php\/wp-json\/wp\/v2\/media?parent=8853"}],"wp:term":[{"taxonomy":"category","embeddable":true,"href":"https:\/\/acontecenafronteira.com.br\/index.php\/wp-json\/wp\/v2\/categories?post=8853"},{"taxonomy":"post_tag","embeddable":true,"href":"https:\/\/acontecenafronteira.com.br\/index.php\/wp-json\/wp\/v2\/tags?post=8853"}],"curies":[{"name":"wp","href":"https:\/\/api.w.org\/{rel}","templated":true}]}}