{"id":8720,"date":"2022-04-29T10:36:59","date_gmt":"2022-04-29T13:36:59","guid":{"rendered":"https:\/\/acontecenafronteira.com.br\/?p=8720"},"modified":"2022-04-29T10:37:00","modified_gmt":"2022-04-29T13:37:00","slug":"familias-do-morumbi-recebem-titulos-definitivos-de-seus-imoveis","status":"publish","type":"post","link":"https:\/\/acontecenafronteira.com.br\/index.php\/2022\/04\/29\/familias-do-morumbi-recebem-titulos-definitivos-de-seus-imoveis\/","title":{"rendered":"Fam\u00edlias do Morumbi recebem t\u00edtulos definitivos de seus im\u00f3veis"},"content":{"rendered":"\n<p>Parceria entre o Tribunal de Justi\u00e7a do Paran\u00e1 e a Prefeitura de Foz do Igua\u00e7u possibilitou a regulariza\u00e7\u00e3o de 270 im\u00f3veis por meio do Programa Moradia Legal; hoje, outros 47 t\u00edtulos ser\u00e3o entregues \u00e0s fam\u00edlias da regi\u00e3o de Tr\u00eas Lagoas<\/p>\n\n\n\n<p><em>Foto: Thiago Dutra\/PMFI.<\/em><br><br>Dona Maria Jos\u00e9 da Silva foi a primeira moradora a receber, na noite desta quarta-feira (27), o t\u00edtulo definitivo do im\u00f3vel onde vive h\u00e1 quase 30 anos na regi\u00e3o do Morumbi. A regulariza\u00e7\u00e3o fundi\u00e1ria ocorreu atrav\u00e9s do Programa Moradia Legal, desenvolvido pelo Tribunal de Justi\u00e7a do Paran\u00e1 (TJ-PR) em parceria com a Prefeitura de Foz do Igua\u00e7u. Ao todo, 270 moradores do Morumbi II e III e da Vila Borges receberam a escritura de seus im\u00f3veis durante evento realizado no Centro de Conviv\u00eancia Darci Zanatta.\u00a0<br><br>\u201cEstou muito, muito feliz\u201d, comemorou a aposentada. \u201cAgora fico mais tranquila e podemos recome\u00e7ar. Agora estamos mais seguros\u201d, disse dona Maria ao lado do marido, Jesus Jos\u00e9 da silva.\u00a0<br><br>Ivonice Alves da Silva chegou a perder a esperan\u00e7a de receber o t\u00edtulo do im\u00f3vel. Moradora do bairro h\u00e1 18 anos, ela contou que diversas gest\u00f5es prometeram aos moradores a regulariza\u00e7\u00e3o fundi\u00e1ria, mas somente agora o sonho se tornou realidade. \u201cNo come\u00e7o n\u00e3o acreditava muito, pensamos que n\u00e3o ia dar certo. J\u00e1 ouvimos muitas promessas que n\u00e3o aconteceram, mas agora a casa \u00e9 minha, finalmente\u201d, comemorou.\u00a0<br><br>Os moradores que agora t\u00eam a propriedade e o registro do im\u00f3vel acreditam que o bairro ser\u00e1 ainda mais valorizado. \u201cAgora vamos poder investir nas nossas casas, arrumar e deixar tudo bem bonito. Antes a gente tinha medo de fazer alguma coisa e tirarem a gente daqui. Acredito que at\u00e9 o bairro vai valorizar mais, as pessoas v\u00e3o querer morar aqui\u201d, comentou a moradora Marli Medeiros.\u00a0<br><br><strong>Conquistas\u00a0<br><br><\/strong>Durante a cerim\u00f4nia de entrega dos t\u00edtulos, o prefeito Chico Brasileiro e o desembargador do Tribunal de Justi\u00e7a do Paran\u00e1, Abraham Lincoln Calixto, lembraram as lutas das fam\u00edlias e destacaram as conquistas, ap\u00f3s longos anos de espera. \u201c\u00c9 um sonho que se concretiza, e muito pelo esfor\u00e7o da prefeitura em respeitar o cidad\u00e3o. Hoje, este papel que entregamos \u00e9 o t\u00edtulo de propriedade de uma casa, onde voc\u00eas vivem e criam seus filhos. \u00c9 um sucesso alcan\u00e7ado na vida e uma heran\u00e7a que voc\u00eas poder\u00e3o deixar\u201d, disse o desembargador e idealizador do Moradia Legal.<br><br>\u201cCumprimos o compromisso assumido com a popula\u00e7\u00e3o e muitos n\u00e3o acreditavam, mas quando o Judici\u00e1rio, o Executivo e o Legislativo se unem para o bem comum, nada \u00e9 imposs\u00edvel\u201d, reiterou Calixto.\u00a0<br><br>Chico Brasileiro enalteceu o papel do TJ na execu\u00e7\u00e3o dos processos e reafirmou a parceria do munic\u00edpio para a regulariza\u00e7\u00e3o de mais 8 mil im\u00f3veis na cidade. \u201cO Tribunal de Justi\u00e7a parece algo t\u00e3o distante do cidad\u00e3o, mas que com programas como este, se mostra pr\u00f3ximo e traz uma solu\u00e7\u00e3o para problemas antigos. No Paran\u00e1, o TJ est\u00e1 perto do povo e isso nos d\u00e1 esperan\u00e7a para continuarmos essa parceria\u201d, afirmou o prefeito.\u00a0<br><br>Nesta quinta-feira (28), a prefeitura e o TJ entregam mais 47 t\u00edtulos \u00e0s fam\u00edlias do Novo Mundo, na regi\u00e3o de Tr\u00eas Lagoas, totalizando 317 regulariza\u00e7\u00f5es. A cerim\u00f4nia acontecer\u00e1 no Centro de Conviv\u00eancia Leonel Brizola, \u00e0s 20h.<\/p>\n\n\n\n<figure class=\"wp-block-gallery has-nested-images columns-default is-cropped wp-block-gallery-1 is-layout-flex wp-block-gallery-is-layout-flex\">\n<figure class=\"wp-block-image size-large is-style-default\"><img loading=\"lazy\" decoding=\"async\" width=\"1024\" height=\"682\" data-id=\"8725\" src=\"https:\/\/acontecenafronteira.com.br\/wp-content\/uploads\/2022\/04\/WhatsApp-Image-2022-04-28-at-11.50.57-1024x682.jpeg?v=1651239369\" alt=\"\" class=\"wp-image-8725\" srcset=\"https:\/\/acontecenafronteira.com.br\/wp-content\/uploads\/2022\/04\/WhatsApp-Image-2022-04-28-at-11.50.57-1024x682.jpeg?v=1651239369 1024w, https:\/\/acontecenafronteira.com.br\/wp-content\/uploads\/2022\/04\/WhatsApp-Image-2022-04-28-at-11.50.57-300x200.jpeg?v=1651239369 300w, https:\/\/acontecenafronteira.com.br\/wp-content\/uploads\/2022\/04\/WhatsApp-Image-2022-04-28-at-11.50.57-768x512.jpeg?v=1651239369 768w, https:\/\/acontecenafronteira.com.br\/wp-content\/uploads\/2022\/04\/WhatsApp-Image-2022-04-28-at-11.50.57.jpeg?v=1651239369 1280w\" sizes=\"auto, (max-width: 1024px) 100vw, 1024px\" \/><\/figure>\n\n\n\n<figure class=\"wp-block-image size-large is-style-default\"><img loading=\"lazy\" decoding=\"async\" width=\"799\" height=\"533\" data-id=\"8722\" src=\"https:\/\/acontecenafronteira.com.br\/wp-content\/uploads\/2022\/04\/WhatsApp-Image-2022-04-28-at-11.50.55-1.jpeg\" alt=\"\" class=\"wp-image-8722\" srcset=\"https:\/\/acontecenafronteira.com.br\/wp-content\/uploads\/2022\/04\/WhatsApp-Image-2022-04-28-at-11.50.55-1.jpeg?v=1651239363 799w, https:\/\/acontecenafronteira.com.br\/wp-content\/uploads\/2022\/04\/WhatsApp-Image-2022-04-28-at-11.50.55-1-300x200.jpeg?v=1651239363 300w, https:\/\/acontecenafronteira.com.br\/wp-content\/uploads\/2022\/04\/WhatsApp-Image-2022-04-28-at-11.50.55-1-768x512.jpeg?v=1651239363 768w\" sizes=\"auto, (max-width: 799px) 100vw, 799px\" \/><\/figure>\n\n\n\n<figure class=\"wp-block-image size-large is-style-default\"><img loading=\"lazy\" decoding=\"async\" width=\"799\" height=\"533\" data-id=\"8724\" src=\"https:\/\/acontecenafronteira.com.br\/wp-content\/uploads\/2022\/04\/WhatsApp-Image-2022-04-28-at-11.50.55.jpeg\" alt=\"\" class=\"wp-image-8724\" srcset=\"https:\/\/acontecenafronteira.com.br\/wp-content\/uploads\/2022\/04\/WhatsApp-Image-2022-04-28-at-11.50.55.jpeg?v=1651239364 799w, https:\/\/acontecenafronteira.com.br\/wp-content\/uploads\/2022\/04\/WhatsApp-Image-2022-04-28-at-11.50.55-300x200.jpeg?v=1651239364 300w, https:\/\/acontecenafronteira.com.br\/wp-content\/uploads\/2022\/04\/WhatsApp-Image-2022-04-28-at-11.50.55-768x512.jpeg?v=1651239364 768w\" sizes=\"auto, (max-width: 799px) 100vw, 799px\" \/><\/figure>\n\n\n\n<figure class=\"wp-block-image size-large is-style-default\"><img loading=\"lazy\" decoding=\"async\" width=\"799\" height=\"533\" data-id=\"8723\" src=\"https:\/\/acontecenafronteira.com.br\/wp-content\/uploads\/2022\/04\/WhatsApp-Image-2022-04-28-at-11.50.52.jpeg\" alt=\"\" class=\"wp-image-8723\" srcset=\"https:\/\/acontecenafronteira.com.br\/wp-content\/uploads\/2022\/04\/WhatsApp-Image-2022-04-28-at-11.50.52.jpeg?v=1651239363 799w, https:\/\/acontecenafronteira.com.br\/wp-content\/uploads\/2022\/04\/WhatsApp-Image-2022-04-28-at-11.50.52-300x200.jpeg?v=1651239363 300w, https:\/\/acontecenafronteira.com.br\/wp-content\/uploads\/2022\/04\/WhatsApp-Image-2022-04-28-at-11.50.52-768x512.jpeg?v=1651239363 768w\" sizes=\"auto, (max-width: 799px) 100vw, 799px\" \/><\/figure>\n<\/figure>\n","protected":false},"excerpt":{"rendered":"<p>Parceria entre o Tribunal de Justi\u00e7a do Paran\u00e1 e a Prefeitura de Foz do Igua\u00e7u possibilitou a regulariza\u00e7\u00e3o de 270 im\u00f3veis por meio do Programa Moradia Legal; hoje, outros 47 t\u00edtulos ser\u00e3o entregues \u00e0s fam\u00edlias da regi\u00e3o de Tr\u00eas Lagoas Foto: Thiago Dutra\/PMFI. Dona Maria Jos\u00e9 da Silva foi a primeira moradora a receber, na [&hellip;]<\/p>\n","protected":false},"author":2,"featured_media":8727,"comment_status":"open","ping_status":"open","sticky":false,"template":"","format":"standard","meta":{"om_disable_all_campaigns":false,"_monsterinsights_skip_tracking":false,"_monsterinsights_sitenote_active":false,"_monsterinsights_sitenote_note":"","_monsterinsights_sitenote_category":0,"footnotes":""},"categories":[4],"tags":[],"class_list":["post-8720","post","type-post","status-publish","format-standard","has-post-thumbnail","hentry","category-cidade"],"_links":{"self":[{"href":"https:\/\/acontecenafronteira.com.br\/index.php\/wp-json\/wp\/v2\/posts\/8720","targetHints":{"allow":["GET"]}}],"collection":[{"href":"https:\/\/acontecenafronteira.com.br\/index.php\/wp-json\/wp\/v2\/posts"}],"about":[{"href":"https:\/\/acontecenafronteira.com.br\/index.php\/wp-json\/wp\/v2\/types\/post"}],"author":[{"embeddable":true,"href":"https:\/\/acontecenafronteira.com.br\/index.php\/wp-json\/wp\/v2\/users\/2"}],"replies":[{"embeddable":true,"href":"https:\/\/acontecenafronteira.com.br\/index.php\/wp-json\/wp\/v2\/comments?post=8720"}],"version-history":[{"count":1,"href":"https:\/\/acontecenafronteira.com.br\/index.php\/wp-json\/wp\/v2\/posts\/8720\/revisions"}],"predecessor-version":[{"id":8728,"href":"https:\/\/acontecenafronteira.com.br\/index.php\/wp-json\/wp\/v2\/posts\/8720\/revisions\/8728"}],"wp:featuredmedia":[{"embeddable":true,"href":"https:\/\/acontecenafronteira.com.br\/index.php\/wp-json\/wp\/v2\/media\/8727"}],"wp:attachment":[{"href":"https:\/\/acontecenafronteira.com.br\/index.php\/wp-json\/wp\/v2\/media?parent=8720"}],"wp:term":[{"taxonomy":"category","embeddable":true,"href":"https:\/\/acontecenafronteira.com.br\/index.php\/wp-json\/wp\/v2\/categories?post=8720"},{"taxonomy":"post_tag","embeddable":true,"href":"https:\/\/acontecenafronteira.com.br\/index.php\/wp-json\/wp\/v2\/tags?post=8720"}],"curies":[{"name":"wp","href":"https:\/\/api.w.org\/{rel}","templated":true}]}}