{"id":8659,"date":"2022-04-27T22:18:22","date_gmt":"2022-04-28T01:18:22","guid":{"rendered":"https:\/\/acontecenafronteira.com.br\/?p=8659"},"modified":"2022-04-27T22:18:23","modified_gmt":"2022-04-28T01:18:23","slug":"guardas-municipais-de-foz-do-iguacu-finalizam-treinamento-para-instrucoes-de-tiro-2","status":"publish","type":"post","link":"https:\/\/acontecenafronteira.com.br\/index.php\/2022\/04\/27\/guardas-municipais-de-foz-do-iguacu-finalizam-treinamento-para-instrucoes-de-tiro-2\/","title":{"rendered":"Guardas municipais de Foz do Igua\u00e7u finalizam treinamento para instru\u00e7\u00f5es de tiro"},"content":{"rendered":"\n<p><strong><em>Nivela\u00e7\u00e3o anual visa qualificar o trabalho dos agentes com tem\u00e1ticas novas de atua\u00e7\u00e3o e trabalho<\/em><\/strong><\/p>\n\n\n\n<p>A Guarda Municipal de Foz do Igua\u00e7u finalizou o treinamento anual de tiros com 235 agentes, visando a  qualifica\u00e7\u00e3o profissional dos agentes com atividades para a evolu\u00e7\u00e3o do trabalho. Neste ano, as novas instru\u00e7\u00f5es abrangeram o porte velado, tiro embarcado e atividades pr\u00e1ticas em dupla.<\/p>\n\n\n\n<p>O curso foi executado por instrutores da pr\u00f3pria Guarda Municipal, credenciados pela Pol\u00edcia Federal. As instru\u00e7\u00f5es foram comandadas pelo subinspetor Devanil Garcia Ribeiro, al\u00e9m da subinspetora Eliane Cristina e GM Giovani F\u00e1bio Langwinski \u2013 credenciados em 2021.<\/p>\n\n\n\n<p>A coordena\u00e7\u00e3o-geral \u00e9 feita pelo inspetor Mois\u00e9s Bertolino, chefe da Divis\u00e3o de Treinamento e Disciplina da Secretaria Municipal de Seguran\u00e7a P\u00fablica. A monitoria das instru\u00e7\u00f5es \u00e9 realizada pelo Grupamento T\u00e1tico de Apoio (GTA). A qualifica\u00e7\u00e3o profissional tem carga hor\u00e1ria total de 80h, com aulas realizadas na sede da Guarda Municipal e no Clube de Tiro Cataratas.<\/p>\n\n\n\n<p>O secret\u00e1rio de Seguran\u00e7a P\u00fablica, tenente-coronel Marcos Antonio Jahnke, acompanhou o curso e frisou a necessidade da qualifica\u00e7\u00e3o para tornar o efetivo igua\u00e7uense ainda mais preparado.<\/p>\n\n\n\n<blockquote class=\"wp-block-quote is-layout-flow wp-block-quote-is-layout-flow\"><p>\u201cTodo aperfei\u00e7oamento \u00e9 v\u00e1lido, por isso anualmente os nossos guardas realizam esse treinamento, sempre com tem\u00e1ticas novas e v\u00e1lidas para o uso no trabalho e prote\u00e7\u00e3o aos igua\u00e7uenses\u201d, afirmou Jahnke.<\/p><\/blockquote>\n\n\n\n<figure class=\"wp-block-gallery has-nested-images columns-default is-cropped wp-block-gallery-1 is-layout-flex wp-block-gallery-is-layout-flex\">\n<figure class=\"wp-block-image size-large\"><img loading=\"lazy\" decoding=\"async\" width=\"1024\" height=\"768\" data-id=\"8660\" src=\"https:\/\/acontecenafronteira.com.br\/wp-content\/uploads\/2022\/04\/a4aa5da8-7f5a-48b6-a73a-157255c12958-1024x768.jpg?v=1651108653\" alt=\"\" class=\"wp-image-8660\" srcset=\"https:\/\/acontecenafronteira.com.br\/wp-content\/uploads\/2022\/04\/a4aa5da8-7f5a-48b6-a73a-157255c12958-1024x768.jpg?v=1651108653 1024w, https:\/\/acontecenafronteira.com.br\/wp-content\/uploads\/2022\/04\/a4aa5da8-7f5a-48b6-a73a-157255c12958-300x225.jpg?v=1651108653 300w, https:\/\/acontecenafronteira.com.br\/wp-content\/uploads\/2022\/04\/a4aa5da8-7f5a-48b6-a73a-157255c12958-768x576.jpg?v=1651108653 768w, https:\/\/acontecenafronteira.com.br\/wp-content\/uploads\/2022\/04\/a4aa5da8-7f5a-48b6-a73a-157255c12958.jpg?v=1651108653 1280w\" sizes=\"auto, (max-width: 1024px) 100vw, 1024px\" \/><\/figure>\n\n\n\n<figure class=\"wp-block-image size-large\"><img loading=\"lazy\" decoding=\"async\" width=\"1024\" height=\"768\" data-id=\"8661\" src=\"https:\/\/acontecenafronteira.com.br\/wp-content\/uploads\/2022\/04\/43759392-5049-482e-b679-5759d622bcc4-1024x768.jpg?v=1651108653\" alt=\"\" class=\"wp-image-8661\" srcset=\"https:\/\/acontecenafronteira.com.br\/wp-content\/uploads\/2022\/04\/43759392-5049-482e-b679-5759d622bcc4-1024x768.jpg?v=1651108653 1024w, https:\/\/acontecenafronteira.com.br\/wp-content\/uploads\/2022\/04\/43759392-5049-482e-b679-5759d622bcc4-300x225.jpg?v=1651108653 300w, https:\/\/acontecenafronteira.com.br\/wp-content\/uploads\/2022\/04\/43759392-5049-482e-b679-5759d622bcc4-768x576.jpg?v=1651108653 768w, https:\/\/acontecenafronteira.com.br\/wp-content\/uploads\/2022\/04\/43759392-5049-482e-b679-5759d622bcc4.jpg?v=1651108653 1280w\" sizes=\"auto, (max-width: 1024px) 100vw, 1024px\" \/><\/figure>\n<\/figure>\n","protected":false},"excerpt":{"rendered":"<p>Nivela\u00e7\u00e3o anual visa qualificar o trabalho dos agentes com tem\u00e1ticas novas de atua\u00e7\u00e3o e trabalho A Guarda Municipal de Foz do Igua\u00e7u finalizou o treinamento anual de tiros com 235 agentes, visando a qualifica\u00e7\u00e3o profissional dos agentes com atividades para a evolu\u00e7\u00e3o do trabalho. Neste ano, as novas instru\u00e7\u00f5es abrangeram o porte velado, tiro embarcado [&hellip;]<\/p>\n","protected":false},"author":2,"featured_media":8661,"comment_status":"open","ping_status":"open","sticky":false,"template":"","format":"standard","meta":{"om_disable_all_campaigns":false,"_monsterinsights_skip_tracking":false,"_monsterinsights_sitenote_active":false,"_monsterinsights_sitenote_note":"","_monsterinsights_sitenote_category":0,"footnotes":""},"categories":[4,20],"tags":[],"class_list":["post-8659","post","type-post","status-publish","format-standard","has-post-thumbnail","hentry","category-cidade","category-seguranca"],"_links":{"self":[{"href":"https:\/\/acontecenafronteira.com.br\/index.php\/wp-json\/wp\/v2\/posts\/8659","targetHints":{"allow":["GET"]}}],"collection":[{"href":"https:\/\/acontecenafronteira.com.br\/index.php\/wp-json\/wp\/v2\/posts"}],"about":[{"href":"https:\/\/acontecenafronteira.com.br\/index.php\/wp-json\/wp\/v2\/types\/post"}],"author":[{"embeddable":true,"href":"https:\/\/acontecenafronteira.com.br\/index.php\/wp-json\/wp\/v2\/users\/2"}],"replies":[{"embeddable":true,"href":"https:\/\/acontecenafronteira.com.br\/index.php\/wp-json\/wp\/v2\/comments?post=8659"}],"version-history":[{"count":1,"href":"https:\/\/acontecenafronteira.com.br\/index.php\/wp-json\/wp\/v2\/posts\/8659\/revisions"}],"predecessor-version":[{"id":8662,"href":"https:\/\/acontecenafronteira.com.br\/index.php\/wp-json\/wp\/v2\/posts\/8659\/revisions\/8662"}],"wp:featuredmedia":[{"embeddable":true,"href":"https:\/\/acontecenafronteira.com.br\/index.php\/wp-json\/wp\/v2\/media\/8661"}],"wp:attachment":[{"href":"https:\/\/acontecenafronteira.com.br\/index.php\/wp-json\/wp\/v2\/media?parent=8659"}],"wp:term":[{"taxonomy":"category","embeddable":true,"href":"https:\/\/acontecenafronteira.com.br\/index.php\/wp-json\/wp\/v2\/categories?post=8659"},{"taxonomy":"post_tag","embeddable":true,"href":"https:\/\/acontecenafronteira.com.br\/index.php\/wp-json\/wp\/v2\/tags?post=8659"}],"curies":[{"name":"wp","href":"https:\/\/api.w.org\/{rel}","templated":true}]}}