{"id":8638,"date":"2022-04-27T14:26:12","date_gmt":"2022-04-27T17:26:12","guid":{"rendered":"https:\/\/acontecenafronteira.com.br\/?p=8638"},"modified":"2022-04-27T14:26:13","modified_gmt":"2022-04-27T17:26:13","slug":"foz-e-a-cidade-com-maior-adesao-ao-programa-moradia-legal","status":"publish","type":"post","link":"https:\/\/acontecenafronteira.com.br\/index.php\/2022\/04\/27\/foz-e-a-cidade-com-maior-adesao-ao-programa-moradia-legal\/","title":{"rendered":"Foz \u00e9 a cidade com maior ades\u00e3o ao Programa Moradia Legal"},"content":{"rendered":"\n<p>Desembargador do TJ-PR elogiou a atua\u00e7\u00e3o do Munic\u00edpio na execu\u00e7\u00e3o do programa, que entre hoje e amanh\u00e3 entregar\u00e1 mais 317 registros de propriedade para fam\u00edlias do Morumbi, Vila Borges e Novo Mundo<\/p>\n\n\n\n<p><em>Foto: Thiago Dutra\/PMFI.<br><br><\/em>O desembargador do Tribunal de Justi\u00e7a do Paran\u00e1 (TJ-PR), Abraham Lincoln Calixto, disse que Foz do Igua\u00e7u \u00e9 a cidade do estado com maior ades\u00e3o ao Programa Moradia Legal.&nbsp;<br><br>Na manh\u00e3 desta quarta-feira (27), ao lado do prefeito Chico Brasileiro e do juiz de direito e supervisor do programa, Ricardo Piovesan, o desembargador elogiou a atua\u00e7\u00e3o do Munic\u00edpio no apoio ao Tribunal de Justi\u00e7a para a execu\u00e7\u00e3o dos processos. \u201cFoz est\u00e1 na vanguarda da regulariza\u00e7\u00e3o fundi\u00e1ria urbana. O prefeito abra\u00e7ou a causa e nos deu todo o apoio necess\u00e1rio. A cidade ultrapassa os 160 munic\u00edpios inscritos no programa em n\u00famero de processos em andamento\u201d, afirmou.&nbsp;<br><br>Entre hoje e amanh\u00e3 (27 e 28), o TJ-PR e a Prefeitura entregam 317 registros de propriedade para fam\u00edlias do Morumbi II e III, Vila Borges e Novo Mundo. No ano passado, 68 fam\u00edlias do Jardim Paran\u00e1 receberam as escrituras dos im\u00f3veis e a meta \u00e9 atender mais 3 mil processos ainda este ano.&nbsp;<br><br>\u201cTemos cidades com problemas s\u00e9rios, mas que a prefeitura, que \u00e9 o grande impulsionador deste programa, n\u00e3o disponibiliza material humano como foi feito aqui. A disponibiliza\u00e7\u00e3o do prefeito para a execu\u00e7\u00e3o do Moradia Legal \u00e9 muito importante e \u00e9 isso o que faz a diferen\u00e7a. Foz d\u00e1 um passo muito importante, tem demonstrado firmeza e objetividade neste trabalho\u201d, comentou o desembargador.&nbsp;<br><br><strong>Dignidade<br><br><\/strong>Durante o encontro, realizado no gabinete do prefeito, Chico Brasileiro falou da import\u00e2ncia do programa, ao garantir os direitos e dar dignidade \u00e0 popula\u00e7\u00e3o. \u201cO Moradia Legal faz um trabalho social relevante, s\u00e3o fam\u00edlias que aguardam estes t\u00edtulos h\u00e1 muitos anos e que agora, de forma c\u00e9lere, conseguem ter em m\u00e3os a escritura do im\u00f3vel. Continuaremos essa parceria para alcan\u00e7ar as mais de 8 mil fam\u00edlias que aguardam a regulariza\u00e7\u00e3o\u201d, adiantou.&nbsp;<br><br>O juiz de direito Ricardo Piovesan definiu a a\u00e7\u00e3o como a entrega de um sonho. \u201cEstamos entregando cidadania, a honradez e a tranquilidade ao morador que espera por isso h\u00e1 muito tempo. Estamos ajudando as pessoas a realizar seus maiores sonhos\u201d.&nbsp;<br><br>Os representantes do TJ lembraram ainda que o Poder Judici\u00e1rio n\u00e3o cobra nenhuma taxa para a execu\u00e7\u00e3o dos processos. Os moradores pagar\u00e3o apenas os custos das documenta\u00e7\u00f5es e levantamento de dados por parte da empresa conveniada que realizar\u00e1 a formaliza\u00e7\u00e3o. A estimativa do Tribunal de Justi\u00e7a \u00e9 que a regulariza\u00e7\u00e3o ocorra num prazo de at\u00e9 seis meses ap\u00f3s a apresenta\u00e7\u00e3o dos documentos necess\u00e1rios.<br><br><strong>Entregas<br><br><\/strong>Hoje, ser\u00e1 feita a entrega de 270 t\u00edtulos \u00e0s fam\u00edlias do Morubi II e III e Vila Borges no Centro de Conviv\u00eancia Darci Zanatta, no Morumbi, \u00e0s 18h30. Amanh\u00e3, outros 47 ser\u00e3o entregues \u00e0s fam\u00edlias do Novo Mundo, no Centro de Conviv\u00eancia Leonel Brizola, em Tr\u00eas Lagoas, \u00e0s 20h.<\/p>\n","protected":false},"excerpt":{"rendered":"<p>Desembargador do TJ-PR elogiou a atua\u00e7\u00e3o do Munic\u00edpio na execu\u00e7\u00e3o do programa, que entre hoje e amanh\u00e3 entregar\u00e1 mais 317 registros de propriedade para fam\u00edlias do Morumbi, Vila Borges e Novo Mundo Foto: Thiago Dutra\/PMFI. O desembargador do Tribunal de Justi\u00e7a do Paran\u00e1 (TJ-PR), Abraham Lincoln Calixto, disse que Foz do Igua\u00e7u \u00e9 a cidade [&hellip;]<\/p>\n","protected":false},"author":2,"featured_media":8641,"comment_status":"open","ping_status":"open","sticky":false,"template":"","format":"standard","meta":{"om_disable_all_campaigns":false,"_monsterinsights_skip_tracking":false,"_monsterinsights_sitenote_active":false,"_monsterinsights_sitenote_note":"","_monsterinsights_sitenote_category":0,"footnotes":""},"categories":[4],"tags":[],"class_list":["post-8638","post","type-post","status-publish","format-standard","has-post-thumbnail","hentry","category-cidade"],"_links":{"self":[{"href":"https:\/\/acontecenafronteira.com.br\/index.php\/wp-json\/wp\/v2\/posts\/8638","targetHints":{"allow":["GET"]}}],"collection":[{"href":"https:\/\/acontecenafronteira.com.br\/index.php\/wp-json\/wp\/v2\/posts"}],"about":[{"href":"https:\/\/acontecenafronteira.com.br\/index.php\/wp-json\/wp\/v2\/types\/post"}],"author":[{"embeddable":true,"href":"https:\/\/acontecenafronteira.com.br\/index.php\/wp-json\/wp\/v2\/users\/2"}],"replies":[{"embeddable":true,"href":"https:\/\/acontecenafronteira.com.br\/index.php\/wp-json\/wp\/v2\/comments?post=8638"}],"version-history":[{"count":1,"href":"https:\/\/acontecenafronteira.com.br\/index.php\/wp-json\/wp\/v2\/posts\/8638\/revisions"}],"predecessor-version":[{"id":8642,"href":"https:\/\/acontecenafronteira.com.br\/index.php\/wp-json\/wp\/v2\/posts\/8638\/revisions\/8642"}],"wp:featuredmedia":[{"embeddable":true,"href":"https:\/\/acontecenafronteira.com.br\/index.php\/wp-json\/wp\/v2\/media\/8641"}],"wp:attachment":[{"href":"https:\/\/acontecenafronteira.com.br\/index.php\/wp-json\/wp\/v2\/media?parent=8638"}],"wp:term":[{"taxonomy":"category","embeddable":true,"href":"https:\/\/acontecenafronteira.com.br\/index.php\/wp-json\/wp\/v2\/categories?post=8638"},{"taxonomy":"post_tag","embeddable":true,"href":"https:\/\/acontecenafronteira.com.br\/index.php\/wp-json\/wp\/v2\/tags?post=8638"}],"curies":[{"name":"wp","href":"https:\/\/api.w.org\/{rel}","templated":true}]}}