{"id":8612,"date":"2022-04-27T09:24:38","date_gmt":"2022-04-27T12:24:38","guid":{"rendered":"https:\/\/acontecenafronteira.com.br\/?p=8612"},"modified":"2022-04-27T09:24:39","modified_gmt":"2022-04-27T12:24:39","slug":"saude-e-educacao-ampliam-o-debate-sobre-o-transtorno-do-espectro-autista","status":"publish","type":"post","link":"https:\/\/acontecenafronteira.com.br\/index.php\/2022\/04\/27\/saude-e-educacao-ampliam-o-debate-sobre-o-transtorno-do-espectro-autista\/","title":{"rendered":"Sa\u00fade e Educa\u00e7\u00e3o ampliam o debate sobre o transtorno do espectro autista"},"content":{"rendered":"\n<p>Cria\u00e7\u00e3o de uma comiss\u00e3o t\u00e9cnica da pessoa com defici\u00eancia vai contribuir para melhorar o atendimento na rede e dar mais celeridade ao diagn\u00f3stico<\/p>\n\n\n\n<p>As secretarias da Sa\u00fade e Educa\u00e7\u00e3o de Foz do Igua\u00e7u est\u00e3o trabalhando juntas para melhorar os fluxos de atendimento \u00e0s pessoas com defici\u00eancia, especialmente crian\u00e7as com transtorno do espectro autista. O debate est\u00e1 sendo ampliado devido ao aumento expressivo no n\u00famero de crian\u00e7as diagnosticadas com TEA.&nbsp;<br><br>Para fortalecer as a\u00e7\u00f5es, uma Comiss\u00e3o T\u00e9cnica da Pessoa com Defici\u00eancia foi constitu\u00edda na manh\u00e3 desta ter\u00e7a-feira (26), durante reuni\u00e3o no complexo Bordin. Al\u00e9m da Sa\u00fade e Educa\u00e7\u00e3o \u2013 representadas pela Diretoria de Sa\u00fade Mental, Centro Especializado em Reabilita\u00e7\u00e3o (CER IV), Aten\u00e7\u00e3o B\u00e1sica e Diretoria de Educa\u00e7\u00e3o Especial &#8211; a comiss\u00e3o conta com representantes de entidades conveniadas, como Apae, Apasfi e Nosso Canto, e do Hospital Ministro Costa Cavalcanti.&nbsp;<br><br>\u201cEssa comiss\u00e3o tem como objetivo discutir os fluxos, planejar e reorganizar as demandas, que hoje s\u00e3o muitas. O quanto antes uma crian\u00e7a receber atendimento na rede e iniciar o acompanhamento com profissionais especializados, menor ser\u00e1 o impacto na educa\u00e7\u00e3o. A interven\u00e7\u00e3o precoce garante mais resultados e uma melhor socializa\u00e7\u00e3o da crian\u00e7a. \u00c9 um grande desafio, mas que, em conjunto, venceremos\u201d, comentou a secret\u00e1ria de sa\u00fade, Jaqueline Tontini.&nbsp;<br><br>Uma das propostas da comiss\u00e3o \u00e9 ofertar capacita\u00e7\u00f5es aos servidores da sa\u00fade, e tamb\u00e9m \u00e0s fam\u00edlias, j\u00e1 que o trabalho precisa ser feito de maneira conjunta. \u201cPrecisamos muito do acompanhamento da sa\u00fade para desenvolver os trabalhos pedag\u00f3gicos na educa\u00e7\u00e3o. Sabemos que o n\u00famero de crian\u00e7as autistas aumentou muito nos \u00faltimos anos e at\u00e9 mesmo as fam\u00edlias precisam de maior amparo e orienta\u00e7\u00f5es\u201d, disse Maria Justina da Silva, secret\u00e1ria da educa\u00e7\u00e3o.&nbsp;<br><br>Nas escolas e Cmeis (Centro Municipal de Educa\u00e7\u00e3o Infantil) s\u00e3o atendidas 540 crian\u00e7as com TEA, 320 na educa\u00e7\u00e3o infantil e 220 no ensino fundamental. No CER IV, 189 pacientes com autismo recebem atendimento. Dados do Centro de Controle de Doen\u00e7as e Preven\u00e7\u00e3o dos Estados Unidos apontam a preval\u00eancia do autismo em 1 a cada 44 crian\u00e7as de at\u00e9 8 anos. No Brasil, estima-se que 4,84 milh\u00f5es de pessoas tenham o autismo.<\/p>\n","protected":false},"excerpt":{"rendered":"<p>Cria\u00e7\u00e3o de uma comiss\u00e3o t\u00e9cnica da pessoa com defici\u00eancia vai contribuir para melhorar o atendimento na rede e dar mais celeridade ao diagn\u00f3stico As secretarias da Sa\u00fade e Educa\u00e7\u00e3o de Foz do Igua\u00e7u est\u00e3o trabalhando juntas para melhorar os fluxos de atendimento \u00e0s pessoas com defici\u00eancia, especialmente crian\u00e7as com transtorno do espectro autista. O debate [&hellip;]<\/p>\n","protected":false},"author":2,"featured_media":8613,"comment_status":"open","ping_status":"open","sticky":false,"template":"","format":"standard","meta":{"om_disable_all_campaigns":false,"_monsterinsights_skip_tracking":false,"_monsterinsights_sitenote_active":false,"_monsterinsights_sitenote_note":"","_monsterinsights_sitenote_category":0,"footnotes":""},"categories":[4,10],"tags":[],"class_list":["post-8612","post","type-post","status-publish","format-standard","has-post-thumbnail","hentry","category-cidade","category-saude"],"_links":{"self":[{"href":"https:\/\/acontecenafronteira.com.br\/index.php\/wp-json\/wp\/v2\/posts\/8612","targetHints":{"allow":["GET"]}}],"collection":[{"href":"https:\/\/acontecenafronteira.com.br\/index.php\/wp-json\/wp\/v2\/posts"}],"about":[{"href":"https:\/\/acontecenafronteira.com.br\/index.php\/wp-json\/wp\/v2\/types\/post"}],"author":[{"embeddable":true,"href":"https:\/\/acontecenafronteira.com.br\/index.php\/wp-json\/wp\/v2\/users\/2"}],"replies":[{"embeddable":true,"href":"https:\/\/acontecenafronteira.com.br\/index.php\/wp-json\/wp\/v2\/comments?post=8612"}],"version-history":[{"count":1,"href":"https:\/\/acontecenafronteira.com.br\/index.php\/wp-json\/wp\/v2\/posts\/8612\/revisions"}],"predecessor-version":[{"id":8614,"href":"https:\/\/acontecenafronteira.com.br\/index.php\/wp-json\/wp\/v2\/posts\/8612\/revisions\/8614"}],"wp:featuredmedia":[{"embeddable":true,"href":"https:\/\/acontecenafronteira.com.br\/index.php\/wp-json\/wp\/v2\/media\/8613"}],"wp:attachment":[{"href":"https:\/\/acontecenafronteira.com.br\/index.php\/wp-json\/wp\/v2\/media?parent=8612"}],"wp:term":[{"taxonomy":"category","embeddable":true,"href":"https:\/\/acontecenafronteira.com.br\/index.php\/wp-json\/wp\/v2\/categories?post=8612"},{"taxonomy":"post_tag","embeddable":true,"href":"https:\/\/acontecenafronteira.com.br\/index.php\/wp-json\/wp\/v2\/tags?post=8612"}],"curies":[{"name":"wp","href":"https:\/\/api.w.org\/{rel}","templated":true}]}}