{"id":856,"date":"2021-10-15T17:15:26","date_gmt":"2021-10-15T20:15:26","guid":{"rendered":"https:\/\/acontecenafronteira.com.br\/?p=856"},"modified":"2021-10-15T17:15:32","modified_gmt":"2021-10-15T20:15:32","slug":"prefeitura-recebe-doacao-de-produtos-da-receita-federal","status":"publish","type":"post","link":"https:\/\/acontecenafronteira.com.br\/index.php\/2021\/10\/15\/prefeitura-recebe-doacao-de-produtos-da-receita-federal\/","title":{"rendered":"Prefeitura recebe doa\u00e7\u00e3o de produtos da Receita Federal"},"content":{"rendered":"\n<p>\u00d3rg\u00e3o destinou R$ 741 mil em eletr\u00f4nicos, vestu\u00e1rios e outras mercadorias que contribuir\u00e3o para o melhor atendimento \u00e0 popula\u00e7\u00e3o<\/p>\n\n\n\n<p>A Prefeitura de Foz do Igua\u00e7u recebeu na quinta-feira (14) a doa\u00e7\u00e3o de eletr\u00f4nicos, vestu\u00e1rio e outras mercadorias da Receita Federal. Os produtos, or\u00e7ados em R$ 741 mil, resultam de fiscaliza\u00e7\u00f5es realizadas na regi\u00e3o pela RF e \u00f3rg\u00e3os de seguran\u00e7a.<br><br>Foram destinadas pe\u00e7as de inform\u00e1tica, como switchs, pendrives, HDs e webcams, vestu\u00e1rio (jaquetas), v\u00e1rios smartphones, arames farpados, microfones, fones de ouvido e outros produtos.<br><br>De acordo com o secret\u00e1rio da Transpar\u00eancia e Governan\u00e7a, Jos\u00e9 Elias Castro Gomes, as mercadorias ser\u00e3o utilizadas para atender as demandas de diversos setores, como as secretarias de Administra\u00e7\u00e3o, Assist\u00eancia Social, Sa\u00fade, Educa\u00e7\u00e3o, Tecnologia da Informa\u00e7\u00e3o e outras, conforme a necessidade. \u201cOs produtos passar\u00e3o por uma triagem no Patrim\u00f4nio da Prefeitura e ser\u00e3o entregue aos servidores das diversas secretarias, conforme a demanda. Ser\u00e1 um importante avan\u00e7o no atendimento da popula\u00e7\u00e3o\u201d, disse.\u00a0<br><br>Com a doa\u00e7\u00e3o, al\u00e9m de contribuir para melhorar o atendimento ao p\u00fablico, a Prefeitura economiza recursos que seriam consumidos na compra desses produtos.<br><br>\u201cO trabalho da Receita Federal e dos \u00f3rg\u00e3os parceiros em Foz do Igua\u00e7u resulta em um enorme volume de apreens\u00f5es. Uma parte significativa desses produtos \u00e9 aproveitada de forma positiva, em benef\u00edcio da sociedade, por meio de destina\u00e7\u00f5es de mercadorias tanto para entidades p\u00fablicas quanto organiza\u00e7\u00f5es privadas sem fins lucrativos\u201d, explica o auditor fiscal e delegado da Receita Federal em Foz do Igua\u00e7u, Paulo Bini.\u00a0<br><br>\u201cA Receita Federal tem muito orgulho desse trabalho, pois, dessa forma, mercadorias que eram produtos de crimes se transformam em benef\u00edcio direto para a sociedade\u201d, completou.<br><br>Acompanharam a entrega dos produtos o secret\u00e1rio da Transpar\u00eancia e Governan\u00e7a, Jos\u00e9 Elias Castro Gomes; de Assist\u00eancia Social, Elias de Sousa Oliveira; da Tecnologia da Informa\u00e7\u00e3o, Rafael Sanches; e servidores do Patrim\u00f4nio.<\/p>\n\n\n\n<figure class=\"wp-block-image size-large\"><img loading=\"lazy\" decoding=\"async\" width=\"1024\" height=\"576\" src=\"https:\/\/acontecenafronteira.com.br\/wp-content\/uploads\/2021\/10\/41010e8b-9d11-421f-9c58-b600a02439d5-1-1024x576.jpg?v=1634328921\" alt=\"\" class=\"wp-image-859\" srcset=\"https:\/\/acontecenafronteira.com.br\/wp-content\/uploads\/2021\/10\/41010e8b-9d11-421f-9c58-b600a02439d5-1-1024x576.jpg?v=1634328921 1024w, https:\/\/acontecenafronteira.com.br\/wp-content\/uploads\/2021\/10\/41010e8b-9d11-421f-9c58-b600a02439d5-1-300x169.jpg?v=1634328921 300w, https:\/\/acontecenafronteira.com.br\/wp-content\/uploads\/2021\/10\/41010e8b-9d11-421f-9c58-b600a02439d5-1-768x432.jpg?v=1634328921 768w, https:\/\/acontecenafronteira.com.br\/wp-content\/uploads\/2021\/10\/41010e8b-9d11-421f-9c58-b600a02439d5-1-1536x864.jpg?v=1634328921 1536w, https:\/\/acontecenafronteira.com.br\/wp-content\/uploads\/2021\/10\/41010e8b-9d11-421f-9c58-b600a02439d5-1.jpg?v=1634328921 1599w\" sizes=\"auto, (max-width: 1024px) 100vw, 1024px\" \/><\/figure>\n\n\n\n<p><\/p>\n","protected":false},"excerpt":{"rendered":"<p>\u00d3rg\u00e3o destinou R$ 741 mil em eletr\u00f4nicos, vestu\u00e1rios e outras mercadorias que contribuir\u00e3o para o melhor atendimento \u00e0 popula\u00e7\u00e3o A Prefeitura de Foz do Igua\u00e7u recebeu na quinta-feira (14) a doa\u00e7\u00e3o de eletr\u00f4nicos, vestu\u00e1rio e outras mercadorias da Receita Federal. Os produtos, or\u00e7ados em R$ 741 mil, resultam de fiscaliza\u00e7\u00f5es realizadas na regi\u00e3o pela RF [&hellip;]<\/p>\n","protected":false},"author":2,"featured_media":858,"comment_status":"open","ping_status":"open","sticky":false,"template":"","format":"standard","meta":{"om_disable_all_campaigns":false,"_monsterinsights_skip_tracking":false,"_monsterinsights_sitenote_active":false,"_monsterinsights_sitenote_note":"","_monsterinsights_sitenote_category":0,"footnotes":""},"categories":[4],"tags":[],"class_list":["post-856","post","type-post","status-publish","format-standard","has-post-thumbnail","hentry","category-cidade"],"_links":{"self":[{"href":"https:\/\/acontecenafronteira.com.br\/index.php\/wp-json\/wp\/v2\/posts\/856","targetHints":{"allow":["GET"]}}],"collection":[{"href":"https:\/\/acontecenafronteira.com.br\/index.php\/wp-json\/wp\/v2\/posts"}],"about":[{"href":"https:\/\/acontecenafronteira.com.br\/index.php\/wp-json\/wp\/v2\/types\/post"}],"author":[{"embeddable":true,"href":"https:\/\/acontecenafronteira.com.br\/index.php\/wp-json\/wp\/v2\/users\/2"}],"replies":[{"embeddable":true,"href":"https:\/\/acontecenafronteira.com.br\/index.php\/wp-json\/wp\/v2\/comments?post=856"}],"version-history":[{"count":1,"href":"https:\/\/acontecenafronteira.com.br\/index.php\/wp-json\/wp\/v2\/posts\/856\/revisions"}],"predecessor-version":[{"id":861,"href":"https:\/\/acontecenafronteira.com.br\/index.php\/wp-json\/wp\/v2\/posts\/856\/revisions\/861"}],"wp:featuredmedia":[{"embeddable":true,"href":"https:\/\/acontecenafronteira.com.br\/index.php\/wp-json\/wp\/v2\/media\/858"}],"wp:attachment":[{"href":"https:\/\/acontecenafronteira.com.br\/index.php\/wp-json\/wp\/v2\/media?parent=856"}],"wp:term":[{"taxonomy":"category","embeddable":true,"href":"https:\/\/acontecenafronteira.com.br\/index.php\/wp-json\/wp\/v2\/categories?post=856"},{"taxonomy":"post_tag","embeddable":true,"href":"https:\/\/acontecenafronteira.com.br\/index.php\/wp-json\/wp\/v2\/tags?post=856"}],"curies":[{"name":"wp","href":"https:\/\/api.w.org\/{rel}","templated":true}]}}