{"id":8552,"date":"2022-04-25T09:44:07","date_gmt":"2022-04-25T12:44:07","guid":{"rendered":"https:\/\/acontecenafronteira.com.br\/?p=8552"},"modified":"2022-04-25T09:44:07","modified_gmt":"2022-04-25T12:44:07","slug":"familia-fica-ferida-apos-carro-bater-em-poste-da-avenida-jules-rimet","status":"publish","type":"post","link":"https:\/\/acontecenafronteira.com.br\/index.php\/2022\/04\/25\/familia-fica-ferida-apos-carro-bater-em-poste-da-avenida-jules-rimet\/","title":{"rendered":"Fam\u00edlia fica ferida ap\u00f3s carro bater em poste da Avenida Jules Rimet"},"content":{"rendered":"\n<p>O Siate atendeu \u00e0s 4h54 deste domingo (24), um acidente envolvendo uma fam\u00edlia que estava em um ve\u00edculo que colidiu contra um poste da Avenida Jules Rimet, no Bairro Morumbi. Os socorristas atenderam a m\u00e3e e o filho menor, que foram levados \u00e0 UPA, com ferimentos leves. J\u00e1 o pai, que dirigia o carro, recusou atendimento.<\/p>\n\n\n\n<p>Segundo o motorista, a fam\u00edlia vinha da casa de parentes ap\u00f3s um jantar e, cansado, cochilou ao volante quando bateu no poste. Ap\u00f3s o atendimento \u00e0s v\u00edtimas, os bombeiros isolaram a \u00e1rea e entregaram a cena aos cuidados da PM e da COPEL.<\/p>\n\n\n\n<p>Os bombeiros informaram que ao chegar no local, a fam\u00edlia estava ao lado do ve\u00edculo, amparada por populares. \u201cNum gesto bonito na ess\u00eancia, mas muito perigoso na pr\u00e1tica. Em acidentes desta natureza os cabos el\u00e9tricos costumam ser pesados e podem criar um arco voltaico quando caem, energizando e tornando toda a \u00e1rea extremamente perigosa\u201d, informou.<\/p>\n\n\n\n<figure class=\"wp-block-gallery has-nested-images columns-default is-cropped wp-block-gallery-1 is-layout-flex wp-block-gallery-is-layout-flex\">\n<figure class=\"wp-block-image size-large is-style-default\"><img loading=\"lazy\" decoding=\"async\" width=\"960\" height=\"717\" data-id=\"8554\" src=\"https:\/\/acontecenafronteira.com.br\/wp-content\/uploads\/2022\/04\/E32BD40C-0DA8-444E-895D-F14A15636C30.jpeg\" alt=\"\" class=\"wp-image-8554\" srcset=\"https:\/\/acontecenafronteira.com.br\/wp-content\/uploads\/2022\/04\/E32BD40C-0DA8-444E-895D-F14A15636C30.jpeg?v=1650890641 960w, https:\/\/acontecenafronteira.com.br\/wp-content\/uploads\/2022\/04\/E32BD40C-0DA8-444E-895D-F14A15636C30-300x224.jpeg?v=1650890641 300w, https:\/\/acontecenafronteira.com.br\/wp-content\/uploads\/2022\/04\/E32BD40C-0DA8-444E-895D-F14A15636C30-768x574.jpeg?v=1650890641 768w\" sizes=\"auto, (max-width: 960px) 100vw, 960px\" \/><\/figure>\n\n\n\n<figure class=\"wp-block-image size-large is-style-default\"><img loading=\"lazy\" decoding=\"async\" width=\"960\" height=\"718\" data-id=\"8555\" src=\"https:\/\/acontecenafronteira.com.br\/wp-content\/uploads\/2022\/04\/43081A26-345E-4834-9E69-2113138CEC17.jpeg\" alt=\"\" class=\"wp-image-8555\" srcset=\"https:\/\/acontecenafronteira.com.br\/wp-content\/uploads\/2022\/04\/43081A26-345E-4834-9E69-2113138CEC17.jpeg?v=1650890642 960w, https:\/\/acontecenafronteira.com.br\/wp-content\/uploads\/2022\/04\/43081A26-345E-4834-9E69-2113138CEC17-300x224.jpeg?v=1650890642 300w, https:\/\/acontecenafronteira.com.br\/wp-content\/uploads\/2022\/04\/43081A26-345E-4834-9E69-2113138CEC17-768x574.jpeg?v=1650890642 768w\" sizes=\"auto, (max-width: 960px) 100vw, 960px\" \/><\/figure>\n\n\n\n<figure class=\"wp-block-image size-large is-style-default\"><img loading=\"lazy\" decoding=\"async\" width=\"960\" height=\"718\" data-id=\"8556\" src=\"https:\/\/acontecenafronteira.com.br\/wp-content\/uploads\/2022\/04\/CB715066-7288-44CB-81B5-D5FFFAFF0158.jpeg\" alt=\"\" class=\"wp-image-8556\" srcset=\"https:\/\/acontecenafronteira.com.br\/wp-content\/uploads\/2022\/04\/CB715066-7288-44CB-81B5-D5FFFAFF0158.jpeg?v=1650890642 960w, https:\/\/acontecenafronteira.com.br\/wp-content\/uploads\/2022\/04\/CB715066-7288-44CB-81B5-D5FFFAFF0158-300x224.jpeg?v=1650890642 300w, https:\/\/acontecenafronteira.com.br\/wp-content\/uploads\/2022\/04\/CB715066-7288-44CB-81B5-D5FFFAFF0158-768x574.jpeg?v=1650890642 768w\" sizes=\"auto, (max-width: 960px) 100vw, 960px\" \/><\/figure>\n\n\n\n<figure class=\"wp-block-image size-large is-style-default\"><img loading=\"lazy\" decoding=\"async\" width=\"960\" height=\"717\" data-id=\"8553\" src=\"https:\/\/acontecenafronteira.com.br\/wp-content\/uploads\/2022\/04\/3DFC727A-C5A2-431D-BE11-B6E51A9C9EB5.jpeg\" alt=\"\" class=\"wp-image-8553\" srcset=\"https:\/\/acontecenafronteira.com.br\/wp-content\/uploads\/2022\/04\/3DFC727A-C5A2-431D-BE11-B6E51A9C9EB5.jpeg?v=1650890641 960w, https:\/\/acontecenafronteira.com.br\/wp-content\/uploads\/2022\/04\/3DFC727A-C5A2-431D-BE11-B6E51A9C9EB5-300x224.jpeg?v=1650890641 300w, https:\/\/acontecenafronteira.com.br\/wp-content\/uploads\/2022\/04\/3DFC727A-C5A2-431D-BE11-B6E51A9C9EB5-768x574.jpeg?v=1650890641 768w\" sizes=\"auto, (max-width: 960px) 100vw, 960px\" \/><\/figure>\n\n\n\n<figure class=\"wp-block-image size-large is-style-default\"><img loading=\"lazy\" decoding=\"async\" width=\"960\" height=\"717\" data-id=\"8557\" src=\"https:\/\/acontecenafronteira.com.br\/wp-content\/uploads\/2022\/04\/A911172A-CAE8-47B0-A4E1-A58E3A298471.jpeg\" alt=\"\" class=\"wp-image-8557\" srcset=\"https:\/\/acontecenafronteira.com.br\/wp-content\/uploads\/2022\/04\/A911172A-CAE8-47B0-A4E1-A58E3A298471.jpeg?v=1650890642 960w, https:\/\/acontecenafronteira.com.br\/wp-content\/uploads\/2022\/04\/A911172A-CAE8-47B0-A4E1-A58E3A298471-300x224.jpeg?v=1650890642 300w, https:\/\/acontecenafronteira.com.br\/wp-content\/uploads\/2022\/04\/A911172A-CAE8-47B0-A4E1-A58E3A298471-768x574.jpeg?v=1650890642 768w\" sizes=\"auto, (max-width: 960px) 100vw, 960px\" \/><\/figure>\n<figcaption class=\"blocks-gallery-caption\">Imagens: Corpo de Bombeiros Foz do Igua\u00e7u<\/figcaption><\/figure>\n","protected":false},"excerpt":{"rendered":"<p>O Siate atendeu \u00e0s 4h54 deste domingo (24), um acidente envolvendo uma fam\u00edlia que estava em um ve\u00edculo que colidiu contra um poste da Avenida Jules Rimet, no Bairro Morumbi. Os socorristas atenderam a m\u00e3e e o filho menor, que foram levados \u00e0 UPA, com ferimentos leves. J\u00e1 o pai, que dirigia o carro, recusou [&hellip;]<\/p>\n","protected":false},"author":2,"featured_media":8558,"comment_status":"open","ping_status":"open","sticky":false,"template":"","format":"standard","meta":{"om_disable_all_campaigns":false,"_monsterinsights_skip_tracking":false,"_monsterinsights_sitenote_active":false,"_monsterinsights_sitenote_note":"","_monsterinsights_sitenote_category":0,"footnotes":""},"categories":[16,4],"tags":[],"class_list":["post-8552","post","type-post","status-publish","format-standard","has-post-thumbnail","hentry","category-acidente","category-cidade"],"_links":{"self":[{"href":"https:\/\/acontecenafronteira.com.br\/index.php\/wp-json\/wp\/v2\/posts\/8552","targetHints":{"allow":["GET"]}}],"collection":[{"href":"https:\/\/acontecenafronteira.com.br\/index.php\/wp-json\/wp\/v2\/posts"}],"about":[{"href":"https:\/\/acontecenafronteira.com.br\/index.php\/wp-json\/wp\/v2\/types\/post"}],"author":[{"embeddable":true,"href":"https:\/\/acontecenafronteira.com.br\/index.php\/wp-json\/wp\/v2\/users\/2"}],"replies":[{"embeddable":true,"href":"https:\/\/acontecenafronteira.com.br\/index.php\/wp-json\/wp\/v2\/comments?post=8552"}],"version-history":[{"count":1,"href":"https:\/\/acontecenafronteira.com.br\/index.php\/wp-json\/wp\/v2\/posts\/8552\/revisions"}],"predecessor-version":[{"id":8559,"href":"https:\/\/acontecenafronteira.com.br\/index.php\/wp-json\/wp\/v2\/posts\/8552\/revisions\/8559"}],"wp:featuredmedia":[{"embeddable":true,"href":"https:\/\/acontecenafronteira.com.br\/index.php\/wp-json\/wp\/v2\/media\/8558"}],"wp:attachment":[{"href":"https:\/\/acontecenafronteira.com.br\/index.php\/wp-json\/wp\/v2\/media?parent=8552"}],"wp:term":[{"taxonomy":"category","embeddable":true,"href":"https:\/\/acontecenafronteira.com.br\/index.php\/wp-json\/wp\/v2\/categories?post=8552"},{"taxonomy":"post_tag","embeddable":true,"href":"https:\/\/acontecenafronteira.com.br\/index.php\/wp-json\/wp\/v2\/tags?post=8552"}],"curies":[{"name":"wp","href":"https:\/\/api.w.org\/{rel}","templated":true}]}}