{"id":8469,"date":"2022-04-20T11:03:39","date_gmt":"2022-04-20T14:03:39","guid":{"rendered":"https:\/\/acontecenafronteira.com.br\/?p=8469"},"modified":"2022-04-20T11:03:40","modified_gmt":"2022-04-20T14:03:40","slug":"prefeitura-pode-realizar-obras-de-infraestrutura-no-bubas","status":"publish","type":"post","link":"https:\/\/acontecenafronteira.com.br\/index.php\/2022\/04\/20\/prefeitura-pode-realizar-obras-de-infraestrutura-no-bubas\/","title":{"rendered":"Prefeitura pode realizar obras de infraestrutura no Bubas"},"content":{"rendered":"\n<p>Acordo homologado nesta segunda-feira permite o Munic\u00edpio fa\u00e7a interven\u00e7\u00f5es urban\u00edsticas na \u00e1rea<\/p>\n\n\n\n<p>A Prefeitura de Foz do Igua\u00e7u est\u00e1 autorizada a iniciar as obras de infraestrutura no Bubas, maior ocupa\u00e7\u00e3o urbana do Paran\u00e1 situada no Porto Meira. A homologa\u00e7\u00e3o do acordo judicial, feita nesta segunda-feira (18), \u00e9 resultado da audi\u00eancia na Comiss\u00e3o de Media\u00e7\u00e3o de Conflitos Fundi\u00e1rios do Tribunal de Justi\u00e7a (TJPR).<br><\/p>\n\n\n\n<p>O juiz de direito Geraldo Dutra de Andrade homologou acordo que autoriza o Munic\u00edpio a implementar melhorias urban\u00edsticas no local. A ocupa\u00e7\u00e3o come\u00e7ou a ser formada em 2013, numa \u00e1rea de 40 hectares \u00e0s margens da Avenida Morenitas, no Porto Meira.<br><br>A Comiss\u00e3o do TJPR levou em considera\u00e7\u00e3o os interesses da popula\u00e7\u00e3o vulner\u00e1vel que hoje se encontra desprovida de acesso regular a diversos servi\u00e7os p\u00fablicos, prezando pela dignidade do cidad\u00e3o, al\u00e9m do acesso a itens fundamentais neste sentido, como \u00e1gua e energia el\u00e9trica.<br><br>\u201cEstamos h\u00e1 muito tempo buscando a regulariza\u00e7\u00e3o da \u00e1rea do Bubas, pois os moradores precisam de melhores condi\u00e7\u00f5es e de maior qualidade de vida. Este acordo j\u00e1 representa uma grande vit\u00f3ria neste sentido\u201d, afirma o prefeito Chico Brasileiro.<br><br>Representantes da Copel e da Sanepar tamb\u00e9m participaram da audi\u00eancia, anuindo, desde que respeitadas as condi\u00e7\u00f5es t\u00e9cnicas, regulat\u00f3rias, jur\u00eddicas e or\u00e7ament\u00e1rias necess\u00e1rias.<\/p>\n\n\n\n<p><br>A decis\u00e3o, que n\u00e3o encerra o andamento do processo de indeniza\u00e7\u00e3o aos propriet\u00e1rios, autoriza o Munic\u00edpio a executar as interven\u00e7\u00f5es urban\u00edsticas no local.<\/p>\n","protected":false},"excerpt":{"rendered":"<p>Acordo homologado nesta segunda-feira permite o Munic\u00edpio fa\u00e7a interven\u00e7\u00f5es urban\u00edsticas na \u00e1rea A Prefeitura de Foz do Igua\u00e7u est\u00e1 autorizada a iniciar as obras de infraestrutura no Bubas, maior ocupa\u00e7\u00e3o urbana do Paran\u00e1 situada no Porto Meira. A homologa\u00e7\u00e3o do acordo judicial, feita nesta segunda-feira (18), \u00e9 resultado da audi\u00eancia na Comiss\u00e3o de Media\u00e7\u00e3o de [&hellip;]<\/p>\n","protected":false},"author":2,"featured_media":8471,"comment_status":"open","ping_status":"open","sticky":false,"template":"","format":"standard","meta":{"om_disable_all_campaigns":false,"_monsterinsights_skip_tracking":false,"_monsterinsights_sitenote_active":false,"_monsterinsights_sitenote_note":"","_monsterinsights_sitenote_category":0,"footnotes":""},"categories":[4],"tags":[],"class_list":["post-8469","post","type-post","status-publish","format-standard","has-post-thumbnail","hentry","category-cidade"],"_links":{"self":[{"href":"https:\/\/acontecenafronteira.com.br\/index.php\/wp-json\/wp\/v2\/posts\/8469","targetHints":{"allow":["GET"]}}],"collection":[{"href":"https:\/\/acontecenafronteira.com.br\/index.php\/wp-json\/wp\/v2\/posts"}],"about":[{"href":"https:\/\/acontecenafronteira.com.br\/index.php\/wp-json\/wp\/v2\/types\/post"}],"author":[{"embeddable":true,"href":"https:\/\/acontecenafronteira.com.br\/index.php\/wp-json\/wp\/v2\/users\/2"}],"replies":[{"embeddable":true,"href":"https:\/\/acontecenafronteira.com.br\/index.php\/wp-json\/wp\/v2\/comments?post=8469"}],"version-history":[{"count":1,"href":"https:\/\/acontecenafronteira.com.br\/index.php\/wp-json\/wp\/v2\/posts\/8469\/revisions"}],"predecessor-version":[{"id":8472,"href":"https:\/\/acontecenafronteira.com.br\/index.php\/wp-json\/wp\/v2\/posts\/8469\/revisions\/8472"}],"wp:featuredmedia":[{"embeddable":true,"href":"https:\/\/acontecenafronteira.com.br\/index.php\/wp-json\/wp\/v2\/media\/8471"}],"wp:attachment":[{"href":"https:\/\/acontecenafronteira.com.br\/index.php\/wp-json\/wp\/v2\/media?parent=8469"}],"wp:term":[{"taxonomy":"category","embeddable":true,"href":"https:\/\/acontecenafronteira.com.br\/index.php\/wp-json\/wp\/v2\/categories?post=8469"},{"taxonomy":"post_tag","embeddable":true,"href":"https:\/\/acontecenafronteira.com.br\/index.php\/wp-json\/wp\/v2\/tags?post=8469"}],"curies":[{"name":"wp","href":"https:\/\/api.w.org\/{rel}","templated":true}]}}