{"id":8315,"date":"2022-04-17T21:13:08","date_gmt":"2022-04-18T00:13:08","guid":{"rendered":"https:\/\/acontecenafronteira.com.br\/?p=8315"},"modified":"2022-04-17T21:13:08","modified_gmt":"2022-04-18T00:13:08","slug":"motorista-morre-ao-dirigir-na-contramao-e-bater-de-frente-com-van-durante-a-madrugada","status":"publish","type":"post","link":"https:\/\/acontecenafronteira.com.br\/index.php\/2022\/04\/17\/motorista-morre-ao-dirigir-na-contramao-e-bater-de-frente-com-van-durante-a-madrugada\/","title":{"rendered":"Motorista morre ao dirigir na contram\u00e3o e bater de frente com van durante a madrugada"},"content":{"rendered":"\n<p><strong><em>O ve\u00edculo Picanto de placas paraguaias seguia na contram\u00e3o da pista no quil\u00f4metro 684<\/em><\/strong><\/p>\n\n\n\n<p><\/p>\n\n\n\n<p>Um homem morreu em um acidente de tr\u00e2nsito na madrugada deste domingo (17), na BR-277 em S\u00e3o Miguel do Igua\u00e7u.<\/p>\n\n\n\n<p>Segundo informa\u00e7\u00f5es, o motorista de um ve\u00edculo Picanto de placas paraguaias seguia na contram\u00e3o da pista no quil\u00f4metro 684, durante a madrugada, e bateu de frente contra uma Van.<\/p>\n\n\n\n<p>Com o impacto, o condutor do carro identificado como Maikon Gonzales de 26 anos, morreu no local. Na van ningu\u00e9m se feriu. A Pol\u00edcia Rodovi\u00e1ria Federal (PRF) esteve no local sinalizando o tr\u00e2nsito.<\/p>\n\n\n\n<p>O corpo do motorista foi encaminhado ao Instituto M\u00e9dico Legal (IML) de Foz do Igua\u00e7u.<\/p>\n\n\n\n<p><\/p>\n","protected":false},"excerpt":{"rendered":"<p>O ve\u00edculo Picanto de placas paraguaias seguia na contram\u00e3o da pista no quil\u00f4metro 684 Um homem morreu em um acidente de tr\u00e2nsito na madrugada deste domingo (17), na BR-277 em S\u00e3o Miguel do Igua\u00e7u. Segundo informa\u00e7\u00f5es, o motorista de um ve\u00edculo Picanto de placas paraguaias seguia na contram\u00e3o da pista no quil\u00f4metro 684, durante a [&hellip;]<\/p>\n","protected":false},"author":2,"featured_media":8316,"comment_status":"open","ping_status":"open","sticky":false,"template":"","format":"standard","meta":{"om_disable_all_campaigns":false,"_monsterinsights_skip_tracking":false,"_monsterinsights_sitenote_active":false,"_monsterinsights_sitenote_note":"","_monsterinsights_sitenote_category":0,"footnotes":""},"categories":[16,4,5],"tags":[],"class_list":["post-8315","post","type-post","status-publish","format-standard","has-post-thumbnail","hentry","category-acidente","category-cidade","category-policia"],"_links":{"self":[{"href":"https:\/\/acontecenafronteira.com.br\/index.php\/wp-json\/wp\/v2\/posts\/8315","targetHints":{"allow":["GET"]}}],"collection":[{"href":"https:\/\/acontecenafronteira.com.br\/index.php\/wp-json\/wp\/v2\/posts"}],"about":[{"href":"https:\/\/acontecenafronteira.com.br\/index.php\/wp-json\/wp\/v2\/types\/post"}],"author":[{"embeddable":true,"href":"https:\/\/acontecenafronteira.com.br\/index.php\/wp-json\/wp\/v2\/users\/2"}],"replies":[{"embeddable":true,"href":"https:\/\/acontecenafronteira.com.br\/index.php\/wp-json\/wp\/v2\/comments?post=8315"}],"version-history":[{"count":1,"href":"https:\/\/acontecenafronteira.com.br\/index.php\/wp-json\/wp\/v2\/posts\/8315\/revisions"}],"predecessor-version":[{"id":8317,"href":"https:\/\/acontecenafronteira.com.br\/index.php\/wp-json\/wp\/v2\/posts\/8315\/revisions\/8317"}],"wp:featuredmedia":[{"embeddable":true,"href":"https:\/\/acontecenafronteira.com.br\/index.php\/wp-json\/wp\/v2\/media\/8316"}],"wp:attachment":[{"href":"https:\/\/acontecenafronteira.com.br\/index.php\/wp-json\/wp\/v2\/media?parent=8315"}],"wp:term":[{"taxonomy":"category","embeddable":true,"href":"https:\/\/acontecenafronteira.com.br\/index.php\/wp-json\/wp\/v2\/categories?post=8315"},{"taxonomy":"post_tag","embeddable":true,"href":"https:\/\/acontecenafronteira.com.br\/index.php\/wp-json\/wp\/v2\/tags?post=8315"}],"curies":[{"name":"wp","href":"https:\/\/api.w.org\/{rel}","templated":true}]}}