{"id":826,"date":"2021-10-15T17:02:23","date_gmt":"2021-10-15T20:02:23","guid":{"rendered":"https:\/\/acontecenafronteira.com.br\/?p=826"},"modified":"2021-10-15T17:02:23","modified_gmt":"2021-10-15T20:02:23","slug":"vereadora-yasmin-requer-informacoes-sobre-o-atendimento-preferencial-de-pessoas-com-transtorno-do-espectro-autista-no-municipio-de-foz-do-iguacu","status":"publish","type":"post","link":"https:\/\/acontecenafronteira.com.br\/index.php\/2021\/10\/15\/vereadora-yasmin-requer-informacoes-sobre-o-atendimento-preferencial-de-pessoas-com-transtorno-do-espectro-autista-no-municipio-de-foz-do-iguacu\/","title":{"rendered":"Vereadora Yasmin requer informa\u00e7\u00f5es sobre o atendimento preferencial de pessoas com transtorno do espectro autista no munic\u00edpio de Foz do Igua\u00e7u"},"content":{"rendered":"\n<p>A vereadora Yasmin Hachem (MDB) entrou com requerimento solicitando do Poder Executivo, informa\u00e7\u00f5es sobre a aplica\u00e7\u00e3o da Lei Municipal n\u00ba 4.715\/2019, que institui a inclus\u00e3o do s\u00edmbolo mundial de autismo nas placas de atendimento preferencial.<br><br>Na Lei, estabelecimentos p\u00fablicos e privados localizados no munic\u00edpio, ficam obrigados a inserir nas placas de atendimento priorit\u00e1rio o s\u00edmbolo mundial da conscientiza\u00e7\u00e3o do Transtorno do Espectro Autista.<\/p>\n\n\n\n<p>No pedido, a vereadora Yasmin busca saber se a lei est\u00e1 sendo cumprida no munic\u00edpio, se existe alguma fiscaliza\u00e7\u00e3o sobre a utiliza\u00e7\u00e3o do s\u00edmbolo, e qual o procedimento caso o estabelecimento n\u00e3o esteja cumprindo a referida lei.<\/p>\n\n\n\n<p>Segundo Yasmin, ap\u00f3s reuni\u00e3o realizada na C\u00e2mara Municipal com a sociedade civil organizada, membros do Poder Executivo, t\u00e9cnicos da sa\u00fade e da educa\u00e7\u00e3o, que envolveu o debate sobre o autismo, foi constatado que a aplica\u00e7\u00e3o da Lei pode ser melhorada e ampliada, incluindo a forma de execu\u00e7\u00e3o. Com a aprova\u00e7\u00e3o do requerimento, a prefeitura tem prazo limite de 30 dias para responder oficialmente aos questionamentos.<\/p>\n\n\n\n<figure class=\"wp-block-image size-large\"><img loading=\"lazy\" decoding=\"async\" width=\"1024\" height=\"683\" src=\"https:\/\/acontecenafronteira.com.br\/wp-content\/uploads\/2021\/10\/WhatsApp-Image-2021-10-15-at-11.48.49-1-1024x683.jpeg?v=1634328132\" alt=\"\" class=\"wp-image-828\" srcset=\"https:\/\/acontecenafronteira.com.br\/wp-content\/uploads\/2021\/10\/WhatsApp-Image-2021-10-15-at-11.48.49-1-1024x683.jpeg?v=1634328132 1024w, https:\/\/acontecenafronteira.com.br\/wp-content\/uploads\/2021\/10\/WhatsApp-Image-2021-10-15-at-11.48.49-1-300x200.jpeg?v=1634328132 300w, https:\/\/acontecenafronteira.com.br\/wp-content\/uploads\/2021\/10\/WhatsApp-Image-2021-10-15-at-11.48.49-1-768x512.jpeg?v=1634328132 768w, https:\/\/acontecenafronteira.com.br\/wp-content\/uploads\/2021\/10\/WhatsApp-Image-2021-10-15-at-11.48.49-1.jpeg?v=1634328132 1280w\" sizes=\"auto, (max-width: 1024px) 100vw, 1024px\" \/><\/figure>\n\n\n\n<p><\/p>\n","protected":false},"excerpt":{"rendered":"<p>A vereadora Yasmin Hachem (MDB) entrou com requerimento solicitando do Poder Executivo, informa\u00e7\u00f5es sobre a aplica\u00e7\u00e3o da Lei Municipal n\u00ba 4.715\/2019, que institui a inclus\u00e3o do s\u00edmbolo mundial de autismo nas placas de atendimento preferencial. Na Lei, estabelecimentos p\u00fablicos e privados localizados no munic\u00edpio, ficam obrigados a inserir nas placas de atendimento priorit\u00e1rio o s\u00edmbolo [&hellip;]<\/p>\n","protected":false},"author":2,"featured_media":827,"comment_status":"open","ping_status":"open","sticky":false,"template":"","format":"standard","meta":{"om_disable_all_campaigns":false,"_monsterinsights_skip_tracking":false,"_monsterinsights_sitenote_active":false,"_monsterinsights_sitenote_note":"","_monsterinsights_sitenote_category":0,"footnotes":""},"categories":[4],"tags":[],"class_list":["post-826","post","type-post","status-publish","format-standard","has-post-thumbnail","hentry","category-cidade"],"_links":{"self":[{"href":"https:\/\/acontecenafronteira.com.br\/index.php\/wp-json\/wp\/v2\/posts\/826","targetHints":{"allow":["GET"]}}],"collection":[{"href":"https:\/\/acontecenafronteira.com.br\/index.php\/wp-json\/wp\/v2\/posts"}],"about":[{"href":"https:\/\/acontecenafronteira.com.br\/index.php\/wp-json\/wp\/v2\/types\/post"}],"author":[{"embeddable":true,"href":"https:\/\/acontecenafronteira.com.br\/index.php\/wp-json\/wp\/v2\/users\/2"}],"replies":[{"embeddable":true,"href":"https:\/\/acontecenafronteira.com.br\/index.php\/wp-json\/wp\/v2\/comments?post=826"}],"version-history":[{"count":1,"href":"https:\/\/acontecenafronteira.com.br\/index.php\/wp-json\/wp\/v2\/posts\/826\/revisions"}],"predecessor-version":[{"id":829,"href":"https:\/\/acontecenafronteira.com.br\/index.php\/wp-json\/wp\/v2\/posts\/826\/revisions\/829"}],"wp:featuredmedia":[{"embeddable":true,"href":"https:\/\/acontecenafronteira.com.br\/index.php\/wp-json\/wp\/v2\/media\/827"}],"wp:attachment":[{"href":"https:\/\/acontecenafronteira.com.br\/index.php\/wp-json\/wp\/v2\/media?parent=826"}],"wp:term":[{"taxonomy":"category","embeddable":true,"href":"https:\/\/acontecenafronteira.com.br\/index.php\/wp-json\/wp\/v2\/categories?post=826"},{"taxonomy":"post_tag","embeddable":true,"href":"https:\/\/acontecenafronteira.com.br\/index.php\/wp-json\/wp\/v2\/tags?post=826"}],"curies":[{"name":"wp","href":"https:\/\/api.w.org\/{rel}","templated":true}]}}