{"id":8215,"date":"2022-04-12T10:58:16","date_gmt":"2022-04-12T13:58:16","guid":{"rendered":"https:\/\/acontecenafronteira.com.br\/?p=8215"},"modified":"2022-04-12T10:58:17","modified_gmt":"2022-04-12T13:58:17","slug":"acelera-foz-e-ccr-aeroportos-debatem-fortalecimento-da-malha-aerea","status":"publish","type":"post","link":"https:\/\/acontecenafronteira.com.br\/index.php\/2022\/04\/12\/acelera-foz-e-ccr-aeroportos-debatem-fortalecimento-da-malha-aerea\/","title":{"rendered":"<strong>Acelera Foz e CCR Aeroportos debatem fortalecimento da malha a\u00e9rea<\/strong>"},"content":{"rendered":"\n<p><em>Reuni\u00e3o contou com gerentes da administradora do Aeroporto de Foz do Igua\u00e7u, empres\u00e1rios, lideran\u00e7as, gestores e o deputado federal Vermelho.<\/em><\/p>\n\n\n\n<p>Fortalecimento da malha a\u00e9rea, promo\u00e7\u00e3o e conex\u00e3o de Foz do Igua\u00e7u com os principais mercados tur\u00edsticos, transporte de cargas e intermodalidade foram pautas da reuni\u00e3o do Programa Acelera Foz com gerentes da CCR Aeroportos, sexta-feira, 8. Cumprindo agenda na regi\u00e3o, o deputado federal Vermelho (PL) tamb\u00e9m participou do di\u00e1logo.&nbsp;<\/p>\n\n\n\n<p>A CCR assumiu a administra\u00e7\u00e3o do aeroporto internacional igua\u00e7uense neste m\u00eas de abril, pelo per\u00edodo de 30 anos, ap\u00f3s vencer o leil\u00e3o de concess\u00e3o promovido pelo governo federal no ano passado. A empresa passou a ser a maior operadora em n\u00famero de aeroportos no pa\u00eds, gerindo terminais estrat\u00e9gicos.&nbsp;<\/p>\n\n\n\n<p>Membros da Coordena\u00e7\u00e3o Estrat\u00e9gica do Acelera Foz apresentaram demandas aos representantes da CCR Aeroportos e colocaram-se \u00e0 disposi\u00e7\u00e3o para contribuir. O objetivo \u00e9 somar for\u00e7as entre os setores p\u00fablico, privado e sociedade civil organizada para a expans\u00e3o e diversifica\u00e7\u00e3o dos neg\u00f3cios em turismo, com\u00e9rcio, log\u00edstica.&nbsp;<\/p>\n\n\n\n<p>\u201c\u00c9 muito bom receber diretores da CCR para tratarmos de um assunto fundamental para o nosso turismo e a economia da cidade, que \u00e9 a opera\u00e7\u00e3o do aeroporto\u201d, disse Felipe Gonzalez, presidente do Conselho de Desenvolvimento Econ\u00f4mico e Social (Codefoz). \u201cA uni\u00e3o sempre traz os melhores resultados para o bem comum\u201d, defendeu.&nbsp;<\/p>\n\n\n\n<p>\u201cFomos muito bem recebidos em Foz do Igua\u00e7u e vamos tratar a cidade com esse mesmo carinho e respeito\u201d, declarou a gerente de Neg\u00f3cios A\u00e9reos, Graziella Delicato. \u201cEssa abertura de di\u00e1logo \u00e9 muito importante, e nossa disposi\u00e7\u00e3o \u00e9 a de trabalharmos juntos, com agendas t\u00e9cnicas e fortes pr\u00f3-neg\u00f3cios\u201d, pontuou.<\/p>\n\n\n\n<p>Em sentido igual, o gerente-executivo de Aeroportos da empresa, Marcius Moreno,&nbsp; afirmou que, com a conclus\u00e3o da transi\u00e7\u00e3o operacional, o foco agora \u00e9 realizar \u201cum trabalho para fazer a diferen\u00e7a\u201d, frisou. \u201cO aeroporto \u00e9 o portal de entrada. Queremos que o passageiro j\u00e1 sinta uma diferen\u00e7a, que seja o in\u00edcio de uma grande experi\u00eancia na cidade\u201d, elencou.<\/p>\n\n\n\n<p><strong>Integra\u00e7\u00e3o do transporte<\/strong><\/p>\n\n\n\n<p>O deputado Vermelho destacou a import\u00e2ncia da concess\u00e3o do aeroporto realizada pela gest\u00e3o federal e endossou o pleito de lideran\u00e7as das entidades igua\u00e7uenses pela amplia\u00e7\u00e3o do transporte de cargas. O parlamentar lembrou que o movimento de passageiros pode ocorrer juntamente com o recebimento e envio de mercadorias.<\/p>\n\n\n\n<p>\u201c\u00c9 o momento certo de fomentarmos o transporte a\u00e9reo de cargas, pois o agroneg\u00f3cio em nossa regi\u00e3o est\u00e1 bombando\u201d, sublinhou. \u201cE para Foz do Igua\u00e7u \u00e9 fundamental ter um terminal integrado, pois j\u00e1 temos o sistema rodovi\u00e1rio e teremos o ferrovi\u00e1rio com a extens\u00e3o da Ferroeste. Ningu\u00e9m vai segurar a pujan\u00e7a dessa cidade\u201d, apostou.<\/p>\n\n\n\n<p>Presidente da Associa\u00e7\u00e3o Comercial e Empresarial (ACIFI), Faisal Ismail ressaltou que a sociedade civil se prop\u00f5e a ajudar nas \u201clutas grandes e justas\u201d. Ele defendeu a\u00e7\u00f5es em conjunto a fim de ampliar a oferta de voos para Foz do Igua\u00e7u, com a \u201cdisponibilidade de mais cadeiras para se buscar um p\u00fablico maior, pois demanda existe\u201d, avaliou.<\/p>\n\n\n\n<p><strong>Arena para grandes eventos<\/strong><\/p>\n\n\n\n<p>Na reuni\u00e3o do Acelera Foz, o deputado Vermelho apresentou o projeto da arena multiuso para grandes eventos em Foz do Igua\u00e7u. Segundo ele, a proposta conta com emendas or\u00e7ament\u00e1rias de sua autoria. O parlamentar convidou empres\u00e1rios, gestores p\u00fablicos e entidades da sociedade civil organizada a apoiar os esfor\u00e7os pela constru\u00e7\u00e3o do equipamento.&nbsp;<\/p>\n\n\n\n<p>\u201cEsse espa\u00e7o \u00e9 para Foz do Igua\u00e7u reunir mais de dez mil pessoas em grandes eventos. Ser\u00e1 uma conquista extraordin\u00e1ria para moradores da cidade e turistas\u201d, salientou. \u201cPrecisamos contratar um escrit\u00f3rio especializado para a elabora\u00e7\u00e3o do projeto\u201d, concluiu o deputado.<\/p>\n\n\n\n<p>Participando da reuni\u00e3o de forma\u00a0<em>on-line<\/em>, o assessor especial da dire\u00e7\u00e3o-geral brasileira da Itaipu Binacional, almirante Luiz Carlos Faria Vieira, mencionou que ir\u00e1 reunir-se com a dire\u00e7\u00e3o do Fundo Igua\u00e7u para \u201capoiar a operacionaliza\u00e7\u00e3o da contrata\u00e7\u00e3o do projeto\u201d e dar seguimento \u00e0 proposta. \u201cA Itaipu se coloca para ajudar no que puder\u201d, disse, refor\u00e7ando o compromisso da empresa com as pautas pelo desenvolvimento.<\/p>\n\n\n\n<figure class=\"wp-block-image size-large is-style-default\"><img loading=\"lazy\" decoding=\"async\" width=\"1024\" height=\"644\" src=\"https:\/\/acontecenafronteira.com.br\/wp-content\/uploads\/2022\/04\/thumbnail_Reuniao-da-Coordenacao-Estrategica-do-Programa-Acelera-Foz-Foto-Divulgacao-1024x644.jpg?v=1649771887\" alt=\"\" class=\"wp-image-8217\" srcset=\"https:\/\/acontecenafronteira.com.br\/wp-content\/uploads\/2022\/04\/thumbnail_Reuniao-da-Coordenacao-Estrategica-do-Programa-Acelera-Foz-Foto-Divulgacao-1024x644.jpg?v=1649771887 1024w, https:\/\/acontecenafronteira.com.br\/wp-content\/uploads\/2022\/04\/thumbnail_Reuniao-da-Coordenacao-Estrategica-do-Programa-Acelera-Foz-Foto-Divulgacao-300x189.jpg?v=1649771887 300w, https:\/\/acontecenafronteira.com.br\/wp-content\/uploads\/2022\/04\/thumbnail_Reuniao-da-Coordenacao-Estrategica-do-Programa-Acelera-Foz-Foto-Divulgacao-768x483.jpg?v=1649771887 768w, https:\/\/acontecenafronteira.com.br\/wp-content\/uploads\/2022\/04\/thumbnail_Reuniao-da-Coordenacao-Estrategica-do-Programa-Acelera-Foz-Foto-Divulgacao.jpg?v=1649771887 1280w\" sizes=\"auto, (max-width: 1024px) 100vw, 1024px\" \/><\/figure>\n\n\n\n<p><\/p>\n\n\n\n<p><em>(AI Codefoz)<\/em><br><em>GRAMPO COMUNICA\u00c7\u00c3O<\/em><\/p>\n","protected":false},"excerpt":{"rendered":"<p>Reuni\u00e3o contou com gerentes da administradora do Aeroporto de Foz do Igua\u00e7u, empres\u00e1rios, lideran\u00e7as, gestores e o deputado federal Vermelho. Fortalecimento da malha a\u00e9rea, promo\u00e7\u00e3o e conex\u00e3o de Foz do Igua\u00e7u com os principais mercados tur\u00edsticos, transporte de cargas e intermodalidade foram pautas da reuni\u00e3o do Programa Acelera Foz com gerentes da CCR Aeroportos, sexta-feira, [&hellip;]<\/p>\n","protected":false},"author":2,"featured_media":8216,"comment_status":"open","ping_status":"open","sticky":false,"template":"","format":"standard","meta":{"om_disable_all_campaigns":false,"_monsterinsights_skip_tracking":false,"_monsterinsights_sitenote_active":false,"_monsterinsights_sitenote_note":"","_monsterinsights_sitenote_category":0,"footnotes":""},"categories":[4,9],"tags":[],"class_list":["post-8215","post","type-post","status-publish","format-standard","has-post-thumbnail","hentry","category-cidade","category-turismo"],"_links":{"self":[{"href":"https:\/\/acontecenafronteira.com.br\/index.php\/wp-json\/wp\/v2\/posts\/8215","targetHints":{"allow":["GET"]}}],"collection":[{"href":"https:\/\/acontecenafronteira.com.br\/index.php\/wp-json\/wp\/v2\/posts"}],"about":[{"href":"https:\/\/acontecenafronteira.com.br\/index.php\/wp-json\/wp\/v2\/types\/post"}],"author":[{"embeddable":true,"href":"https:\/\/acontecenafronteira.com.br\/index.php\/wp-json\/wp\/v2\/users\/2"}],"replies":[{"embeddable":true,"href":"https:\/\/acontecenafronteira.com.br\/index.php\/wp-json\/wp\/v2\/comments?post=8215"}],"version-history":[{"count":1,"href":"https:\/\/acontecenafronteira.com.br\/index.php\/wp-json\/wp\/v2\/posts\/8215\/revisions"}],"predecessor-version":[{"id":8218,"href":"https:\/\/acontecenafronteira.com.br\/index.php\/wp-json\/wp\/v2\/posts\/8215\/revisions\/8218"}],"wp:featuredmedia":[{"embeddable":true,"href":"https:\/\/acontecenafronteira.com.br\/index.php\/wp-json\/wp\/v2\/media\/8216"}],"wp:attachment":[{"href":"https:\/\/acontecenafronteira.com.br\/index.php\/wp-json\/wp\/v2\/media?parent=8215"}],"wp:term":[{"taxonomy":"category","embeddable":true,"href":"https:\/\/acontecenafronteira.com.br\/index.php\/wp-json\/wp\/v2\/categories?post=8215"},{"taxonomy":"post_tag","embeddable":true,"href":"https:\/\/acontecenafronteira.com.br\/index.php\/wp-json\/wp\/v2\/tags?post=8215"}],"curies":[{"name":"wp","href":"https:\/\/api.w.org\/{rel}","templated":true}]}}