{"id":8100,"date":"2022-04-08T10:19:14","date_gmt":"2022-04-08T13:19:14","guid":{"rendered":"https:\/\/acontecenafronteira.com.br\/?p=8100"},"modified":"2022-04-08T10:19:15","modified_gmt":"2022-04-08T13:19:15","slug":"prefeito-sanciona-projetos-de-lei-que-valorizam-profissionais-da-educacao","status":"publish","type":"post","link":"https:\/\/acontecenafronteira.com.br\/index.php\/2022\/04\/08\/prefeito-sanciona-projetos-de-lei-que-valorizam-profissionais-da-educacao\/","title":{"rendered":"Prefeito sanciona projetos de lei que valorizam profissionais da educa\u00e7\u00e3o"},"content":{"rendered":"\n<p>Professores, instrutores de Libras e secret\u00e1rios de escolas ter\u00e3o duas refer\u00eancias acrescidas ao sal\u00e1rio, o que representa aumento de 6% no sal\u00e1rio<\/p>\n\n\n\n<p>O prefeito Chico Brasileiro sancionou, na tarde desta quinta-feira (07), os dois projetos de lei que acrescem duas refer\u00eancias ao plano de carreira de professores, instrutores de Libras e secret\u00e1rios de escolas. As propostas representam um aumento real de 6% no sal\u00e1rio.<\/p>\n\n\n\n<p>A assinatura dos projetos, aprovados hoje pela C\u00e2mara Municipal, foi acompanhada pela presidente do Sindicato dos Professores e Profissionais da Educa\u00e7\u00e3o da Rede P\u00fablica Municipal de Foz do Igua\u00e7u (Sinprefi), Marli Maraschin, e pela diretora de pol\u00edticas sindicais do Sinprefi, Viviane Benitez; al\u00e9m do presidente do Legislativo, Ney Patr\u00edcio.<\/p>\n\n\n\n<p>O prefeito explicou que foi dada prioridade para a san\u00e7\u00e3o dos projetos, a fim de que os benef\u00edcios entrem em vigor o quanto antes. Ele disse que j\u00e1 nesta sexta-feira (08) ser\u00e1 feito o dep\u00f3sito referente \u00e0s duas refer\u00eancias aos profissionais da educa\u00e7\u00e3o contemplados, mas que, devido aos tr\u00e2mites banc\u00e1rios, \u00e9 poss\u00edvel que o valor n\u00e3o fique dispon\u00edvel no mesmo dia.<\/p>\n\n\n\n<p>\u201cA educa\u00e7\u00e3o de Foz do Igua\u00e7u tem recebido importantes investimentos, tanto em obras, com reformas e constru\u00e7\u00f5es de novas unidades, como em aquisi\u00e7\u00e3o de tecnologias, capacita\u00e7\u00f5es e valoriza\u00e7\u00e3o dos profissionais &#8211; a\u00e7\u00f5es fundamentais para que o ensino seja de cada vez mais qualidade\u201d, disse o prefeito.<\/p>\n\n\n\n<p>A aprova\u00e7\u00e3o dos dois projetos de lei beneficia mais de 3 mil profissionais da educa\u00e7\u00e3o, entre servidores ativos e inativos.<\/p>\n\n\n\n<p>As duas propostas sancionadas ser\u00e3o publicadas no Di\u00e1rio Oficial do Munic\u00edpio nesta quinta-feira (07).<\/p>\n","protected":false},"excerpt":{"rendered":"<p>Professores, instrutores de Libras e secret\u00e1rios de escolas ter\u00e3o duas refer\u00eancias acrescidas ao sal\u00e1rio, o que representa aumento de 6% no sal\u00e1rio O prefeito Chico Brasileiro sancionou, na tarde desta quinta-feira (07), os dois projetos de lei que acrescem duas refer\u00eancias ao plano de carreira de professores, instrutores de Libras e secret\u00e1rios de escolas. As [&hellip;]<\/p>\n","protected":false},"author":2,"featured_media":8101,"comment_status":"open","ping_status":"open","sticky":false,"template":"","format":"standard","meta":{"om_disable_all_campaigns":false,"_monsterinsights_skip_tracking":false,"_monsterinsights_sitenote_active":false,"_monsterinsights_sitenote_note":"","_monsterinsights_sitenote_category":0,"footnotes":""},"categories":[4,8],"tags":[],"class_list":["post-8100","post","type-post","status-publish","format-standard","has-post-thumbnail","hentry","category-cidade","category-educaca0"],"_links":{"self":[{"href":"https:\/\/acontecenafronteira.com.br\/index.php\/wp-json\/wp\/v2\/posts\/8100","targetHints":{"allow":["GET"]}}],"collection":[{"href":"https:\/\/acontecenafronteira.com.br\/index.php\/wp-json\/wp\/v2\/posts"}],"about":[{"href":"https:\/\/acontecenafronteira.com.br\/index.php\/wp-json\/wp\/v2\/types\/post"}],"author":[{"embeddable":true,"href":"https:\/\/acontecenafronteira.com.br\/index.php\/wp-json\/wp\/v2\/users\/2"}],"replies":[{"embeddable":true,"href":"https:\/\/acontecenafronteira.com.br\/index.php\/wp-json\/wp\/v2\/comments?post=8100"}],"version-history":[{"count":1,"href":"https:\/\/acontecenafronteira.com.br\/index.php\/wp-json\/wp\/v2\/posts\/8100\/revisions"}],"predecessor-version":[{"id":8102,"href":"https:\/\/acontecenafronteira.com.br\/index.php\/wp-json\/wp\/v2\/posts\/8100\/revisions\/8102"}],"wp:featuredmedia":[{"embeddable":true,"href":"https:\/\/acontecenafronteira.com.br\/index.php\/wp-json\/wp\/v2\/media\/8101"}],"wp:attachment":[{"href":"https:\/\/acontecenafronteira.com.br\/index.php\/wp-json\/wp\/v2\/media?parent=8100"}],"wp:term":[{"taxonomy":"category","embeddable":true,"href":"https:\/\/acontecenafronteira.com.br\/index.php\/wp-json\/wp\/v2\/categories?post=8100"},{"taxonomy":"post_tag","embeddable":true,"href":"https:\/\/acontecenafronteira.com.br\/index.php\/wp-json\/wp\/v2\/tags?post=8100"}],"curies":[{"name":"wp","href":"https:\/\/api.w.org\/{rel}","templated":true}]}}