{"id":8077,"date":"2022-04-07T11:44:47","date_gmt":"2022-04-07T14:44:47","guid":{"rendered":"https:\/\/acontecenafronteira.com.br\/?p=8077"},"modified":"2022-04-07T11:44:47","modified_gmt":"2022-04-07T14:44:47","slug":"prefeitura-reforca-a-fiscalizacao-no-combate-a-dengue","status":"publish","type":"post","link":"https:\/\/acontecenafronteira.com.br\/index.php\/2022\/04\/07\/prefeitura-reforca-a-fiscalizacao-no-combate-a-dengue\/","title":{"rendered":"Prefeitura refor\u00e7a a fiscaliza\u00e7\u00e3o no combate \u00e0 dengue"},"content":{"rendered":"\n<p>Nesta quarta-feira, equipes da Secretaria da Fazenda, Defesa Civil e CCZ vistoriaram im\u00f3veis e terrenos denunciados pela popula\u00e7\u00e3o via central 156 Foz<\/p>\n\n\n\n<p><em>Foto: Thiago Dutra.&nbsp;<\/em><br><br>O Comit\u00ea de Combate \u00e0 Dengue est\u00e1 refor\u00e7ando os trabalhos de fiscaliza\u00e7\u00e3o a im\u00f3veis e terrenos sujos ou abandonados, denunciados pela popula\u00e7\u00e3o atrav\u00e9s da Central 156 Foz. Na manh\u00e3 desta quarta-feira (06), equipes da Secretaria da Fazenda, Centro de Controle de Zoonoses (CCZ) e Defesa Civil, que comp\u00f5em o Comit\u00ea, vistoriaram alguns locais e encontraram diversas irregularidades.<br><br>Em um dos im\u00f3veis, nos fundos de um hotel desativado, al\u00e9m do lixo e entulhos, foram encontrados focos do mosquito Aedes Aegypti em pneus, garrafas e vasos de plantas. Em outro im\u00f3vel, um antigo restaurante, as equipes encontraram restos de materiais de constru\u00e7\u00e3o, ferragens, garrafas e muito lixo. Para ter acesso a este im\u00f3vel, o comit\u00ea precisou de um chaveiro, que abriu a porta do estabelecimento abandonado. A autoriza\u00e7\u00e3o de ingressar em im\u00f3veis particulares em situa\u00e7\u00e3o de abandono est\u00e1 prevista em decreto municipal.&nbsp;<br><br>Nestes casos, os propriet\u00e1rios ser\u00e3o autuados e receber\u00e3o multas, que podem variar de R$ 2 mil a R$ 10 mil (valores de 20 e a 100 unidades fiscais).&nbsp;<br><br>\u201cEm m\u00e9dia s\u00e3o aplicadas 20 unidades fiscais, mas isso depende da situa\u00e7\u00e3o do im\u00f3vel. Quando s\u00e3o encontrados criadouros do mosquito, a gravidade aumenta, j\u00e1 que apresenta um risco \u00e0 sa\u00fade p\u00fablica. Dessa forma, a multa pode chegar a 100 unidades, especialmente em casos de reincid\u00eancia\u201d, explica o chefe de fiscaliza\u00e7\u00e3o da Secretaria da Fazenda, Jos\u00e9 Roberto Ferreira.&nbsp;<br><br>A for\u00e7a-tarefa do Comit\u00ea tem como principal objetivo combater a prolifera\u00e7\u00e3o do mosquito e evitar o aumento de casos da doen\u00e7a. Foz do Igua\u00e7u j\u00e1 contabiliza 240 casos de dengue e 3.780 notifica\u00e7\u00f5es neste novo ano epidemiol\u00f3gico, que come\u00e7ou em agosto de 2021.&nbsp;<br><br><strong>Decreto&nbsp;<\/strong><br><br>Em janeiro de 2020 o Munic\u00edpio decretou estado de aten\u00e7\u00e3o para a doen\u00e7a e notificou todos os propriet\u00e1rios de im\u00f3veis a cumprir o C\u00f3digo de Posturas e executar a limpeza e manuten\u00e7\u00e3o dos quintais, terrenos e edifica\u00e7\u00f5es. \u201c\u00c9 por essa raz\u00e3o que em caso de descumprimento ser\u00e1 lavrado auto de infra\u00e7\u00e3o de imediato, e n\u00e3o mais uma notifica\u00e7\u00e3o com prazo para a limpeza\u201d, reiterou o chefe da fiscaliza\u00e7\u00e3o.&nbsp;<br><br>A retomada efetiva das a\u00e7\u00f5es do Comit\u00ea de Combate \u00e0 Dengue est\u00e1 sendo poss\u00edvel devido ao encerramento do grupo de trabalho da Covid-19, que atuava na verifica\u00e7\u00e3o das medidas restritivas. \u201cEm fun\u00e7\u00e3o da Covid, nossas equipes foram reduzidas e atendemos somente os casos urgentes. Agora estamos retomando e temos muitas demandas para atender\u201d, informou Jos\u00e9 Roberto. As a\u00e7\u00f5es de fiscaliza\u00e7\u00e3o do Comit\u00ea devem acontecer duas vezes por semana.<\/p>\n","protected":false},"excerpt":{"rendered":"<p>Nesta quarta-feira, equipes da Secretaria da Fazenda, Defesa Civil e CCZ vistoriaram im\u00f3veis e terrenos denunciados pela popula\u00e7\u00e3o via central 156 Foz Foto: Thiago Dutra.&nbsp; O Comit\u00ea de Combate \u00e0 Dengue est\u00e1 refor\u00e7ando os trabalhos de fiscaliza\u00e7\u00e3o a im\u00f3veis e terrenos sujos ou abandonados, denunciados pela popula\u00e7\u00e3o atrav\u00e9s da Central 156 Foz. Na manh\u00e3 desta [&hellip;]<\/p>\n","protected":false},"author":2,"featured_media":8079,"comment_status":"open","ping_status":"open","sticky":false,"template":"","format":"standard","meta":{"om_disable_all_campaigns":false,"_monsterinsights_skip_tracking":false,"_monsterinsights_sitenote_active":false,"_monsterinsights_sitenote_note":"","_monsterinsights_sitenote_category":0,"footnotes":""},"categories":[4,10],"tags":[],"class_list":["post-8077","post","type-post","status-publish","format-standard","has-post-thumbnail","hentry","category-cidade","category-saude"],"_links":{"self":[{"href":"https:\/\/acontecenafronteira.com.br\/index.php\/wp-json\/wp\/v2\/posts\/8077","targetHints":{"allow":["GET"]}}],"collection":[{"href":"https:\/\/acontecenafronteira.com.br\/index.php\/wp-json\/wp\/v2\/posts"}],"about":[{"href":"https:\/\/acontecenafronteira.com.br\/index.php\/wp-json\/wp\/v2\/types\/post"}],"author":[{"embeddable":true,"href":"https:\/\/acontecenafronteira.com.br\/index.php\/wp-json\/wp\/v2\/users\/2"}],"replies":[{"embeddable":true,"href":"https:\/\/acontecenafronteira.com.br\/index.php\/wp-json\/wp\/v2\/comments?post=8077"}],"version-history":[{"count":1,"href":"https:\/\/acontecenafronteira.com.br\/index.php\/wp-json\/wp\/v2\/posts\/8077\/revisions"}],"predecessor-version":[{"id":8080,"href":"https:\/\/acontecenafronteira.com.br\/index.php\/wp-json\/wp\/v2\/posts\/8077\/revisions\/8080"}],"wp:featuredmedia":[{"embeddable":true,"href":"https:\/\/acontecenafronteira.com.br\/index.php\/wp-json\/wp\/v2\/media\/8079"}],"wp:attachment":[{"href":"https:\/\/acontecenafronteira.com.br\/index.php\/wp-json\/wp\/v2\/media?parent=8077"}],"wp:term":[{"taxonomy":"category","embeddable":true,"href":"https:\/\/acontecenafronteira.com.br\/index.php\/wp-json\/wp\/v2\/categories?post=8077"},{"taxonomy":"post_tag","embeddable":true,"href":"https:\/\/acontecenafronteira.com.br\/index.php\/wp-json\/wp\/v2\/tags?post=8077"}],"curies":[{"name":"wp","href":"https:\/\/api.w.org\/{rel}","templated":true}]}}