{"id":7692,"date":"2022-03-29T11:01:06","date_gmt":"2022-03-29T14:01:06","guid":{"rendered":"https:\/\/acontecenafronteira.com.br\/?p=7692"},"modified":"2022-03-29T11:01:07","modified_gmt":"2022-03-29T14:01:07","slug":"ubs-do-jardim-sao-roque-e-cem-comecam-a-implementacao-do-planificasus","status":"publish","type":"post","link":"https:\/\/acontecenafronteira.com.br\/index.php\/2022\/03\/29\/ubs-do-jardim-sao-roque-e-cem-comecam-a-implementacao-do-planificasus\/","title":{"rendered":"UBS do Jardim S\u00e3o Roque e CEM come\u00e7am a implementa\u00e7\u00e3o do PlanificaSUS"},"content":{"rendered":"\n<p>Os dois equipamentos ser\u00e3o laborat\u00f3rios e multiplicadores para atua\u00e7\u00e3o em rede na sa\u00fade p\u00fablica do munic\u00edpio<\/p>\n\n\n\n<p>As equipes da Unidade B\u00e1sica de Sa\u00fade, Anair dos Santos Quadros (Jardim S\u00e3o Roque), participaram das discuss\u00f5es internas para alinhar as estrat\u00e9gias de a\u00e7\u00e3o do PlanificaSUS Paran\u00e1, nas \u00e1reas de abrang\u00eancia. A UBS ser\u00e1 a unidade laborat\u00f3rio da estrat\u00e9gia de capacita\u00e7\u00e3o permanente para atua\u00e7\u00e3o em rede, juntamente com o Centro de Especialidades M\u00e9dicas (CEM).<br><br>A atividade foi na quinta-feira (25), tutorada pela gerente das linhas de aten\u00e7\u00e3o das doen\u00e7as cr\u00f4nicas e sa\u00fade do idoso, \u00c2ngela Bahls Parteka. A servidora foi indicada como tutora das equipes que realizar\u00e3o as primeiras tarefas do PlanificaSUS na unidade de laborat\u00f3rio da aten\u00e7\u00e3o prim\u00e1ria. Durante o encontro, os participantes fizeram o reconhecimento da estrutura f\u00edsica e definiram os primeiros passos para a introdu\u00e7\u00e3o das a\u00e7\u00f5es.<br><br>Inicialmente, os agentes comunit\u00e1rios de sa\u00fade sair\u00e3o a campo para cadastrar usu\u00e1rios do Sistema \u00danico de Sa\u00fade (SUS) das \u00e1reas descobertas e fazer a estratifica\u00e7\u00e3o de risco da unidade familiar, em todo o territ\u00f3rio. A unidade trabalha com duas equipes que est\u00e3o com 95% e 67% da popula\u00e7\u00e3o cadastrada, respectivamente. A meta \u00e9 atingir 100% e avan\u00e7ar para as pr\u00f3ximas tarefas.&nbsp;<br><br>O equipamento ser\u00e1 multiplicador das novas estrat\u00e9gias de gest\u00e3o. \u201cTodas as habilidades adquiridas aqui ser\u00e3o levadas para as demais unidades at\u00e9 que a gest\u00e3o em rede seja plena\u201d, disse a tutora, ressaltando que, com o PlanificaSUS, o gestor ter\u00e1 condi\u00e7\u00f5es de conhecer todo o seu territ\u00f3rio e fazer o planejamento de pol\u00edticas de sa\u00fade pontuais.<br><br><strong>O que \u00e9 o PlanificaSUS<br><br><\/strong>A secret\u00e1ria de Sa\u00fade, Rosa Maria Jer\u00f4nymo, disse que o programa \u00e9 um importante norteador de gest\u00e3o e tem como principal ferramenta o profissional de sa\u00fade capacitado para trabalhar interligado dentro do sistema. \u201cO trabalho em rede permite diagnosticar o territ\u00f3rio de atua\u00e7\u00e3o e o perfil de cada n\u00facleo familiar. Possibilita um desenho mais preciso para direcionar os servi\u00e7os e avan\u00e7ar na qualidade de vida da popula\u00e7\u00e3o\u201d, explica a secret\u00e1ria.<br><br>O PlanificaSUS \u00e9 uma estrat\u00e9gia de gest\u00e3o desenvolvida pelo Conselho Nacional de Secret\u00e1rios de Sa\u00fade (CONASS) e o Minist\u00e9rio da Sa\u00fade, em parceria com o Hospital Israelita Albert Einsten. As equipes s\u00e3o capacitadas para organizar o acesso aos servi\u00e7os de sa\u00fade, promovendo a integra\u00e7\u00e3o entre a rede de aten\u00e7\u00e3o especializada e a aten\u00e7\u00e3o prim\u00e1ria.&nbsp;<br><br>Em Foz do Igua\u00e7u, a ades\u00e3o aconteceu no final de 2021, promovido pela Secretaria Estadual da Sa\u00fade (SESA). As primeiras a\u00e7\u00f5es foram registradas no in\u00edcio de mar\u00e7o, ap\u00f3s a redu\u00e7\u00e3o dos casos da Covid-19. Desde ent\u00e3o, foram realizadas oficinas, encontros de dispers\u00e3o e um workshop com o objetivo de preparar as equipes para a sua implementa\u00e7\u00e3o.<br><br>A unidade vitrine ser\u00e1 o Centro de Especialidades M\u00e9dicas que fez nova reuni\u00e3o com a equipe, tamb\u00e9m, no \u00faltimo dia&nbsp; 25. A UBS e o CEM trabalhar\u00e3o simultaneamente nas tarefas, conforme diretrizes da SESA.<\/p>\n","protected":false},"excerpt":{"rendered":"<p>Os dois equipamentos ser\u00e3o laborat\u00f3rios e multiplicadores para atua\u00e7\u00e3o em rede na sa\u00fade p\u00fablica do munic\u00edpio As equipes da Unidade B\u00e1sica de Sa\u00fade, Anair dos Santos Quadros (Jardim S\u00e3o Roque), participaram das discuss\u00f5es internas para alinhar as estrat\u00e9gias de a\u00e7\u00e3o do PlanificaSUS Paran\u00e1, nas \u00e1reas de abrang\u00eancia. A UBS ser\u00e1 a unidade laborat\u00f3rio da estrat\u00e9gia [&hellip;]<\/p>\n","protected":false},"author":2,"featured_media":7694,"comment_status":"open","ping_status":"open","sticky":false,"template":"","format":"standard","meta":{"om_disable_all_campaigns":false,"_monsterinsights_skip_tracking":false,"_monsterinsights_sitenote_active":false,"_monsterinsights_sitenote_note":"","_monsterinsights_sitenote_category":0,"footnotes":""},"categories":[4,10],"tags":[],"class_list":["post-7692","post","type-post","status-publish","format-standard","has-post-thumbnail","hentry","category-cidade","category-saude"],"_links":{"self":[{"href":"https:\/\/acontecenafronteira.com.br\/index.php\/wp-json\/wp\/v2\/posts\/7692","targetHints":{"allow":["GET"]}}],"collection":[{"href":"https:\/\/acontecenafronteira.com.br\/index.php\/wp-json\/wp\/v2\/posts"}],"about":[{"href":"https:\/\/acontecenafronteira.com.br\/index.php\/wp-json\/wp\/v2\/types\/post"}],"author":[{"embeddable":true,"href":"https:\/\/acontecenafronteira.com.br\/index.php\/wp-json\/wp\/v2\/users\/2"}],"replies":[{"embeddable":true,"href":"https:\/\/acontecenafronteira.com.br\/index.php\/wp-json\/wp\/v2\/comments?post=7692"}],"version-history":[{"count":1,"href":"https:\/\/acontecenafronteira.com.br\/index.php\/wp-json\/wp\/v2\/posts\/7692\/revisions"}],"predecessor-version":[{"id":7695,"href":"https:\/\/acontecenafronteira.com.br\/index.php\/wp-json\/wp\/v2\/posts\/7692\/revisions\/7695"}],"wp:featuredmedia":[{"embeddable":true,"href":"https:\/\/acontecenafronteira.com.br\/index.php\/wp-json\/wp\/v2\/media\/7694"}],"wp:attachment":[{"href":"https:\/\/acontecenafronteira.com.br\/index.php\/wp-json\/wp\/v2\/media?parent=7692"}],"wp:term":[{"taxonomy":"category","embeddable":true,"href":"https:\/\/acontecenafronteira.com.br\/index.php\/wp-json\/wp\/v2\/categories?post=7692"},{"taxonomy":"post_tag","embeddable":true,"href":"https:\/\/acontecenafronteira.com.br\/index.php\/wp-json\/wp\/v2\/tags?post=7692"}],"curies":[{"name":"wp","href":"https:\/\/api.w.org\/{rel}","templated":true}]}}