{"id":7633,"date":"2022-03-28T10:34:36","date_gmt":"2022-03-28T13:34:36","guid":{"rendered":"https:\/\/acontecenafronteira.com.br\/?p=7633"},"modified":"2022-03-28T10:34:36","modified_gmt":"2022-03-28T13:34:36","slug":"foz-inicia-a-aplicacao-da-quarta-dose-contra-a-covid-em-idosos-acima-de-80-anos","status":"publish","type":"post","link":"https:\/\/acontecenafronteira.com.br\/index.php\/2022\/03\/28\/foz-inicia-a-aplicacao-da-quarta-dose-contra-a-covid-em-idosos-acima-de-80-anos\/","title":{"rendered":"Foz inicia a aplica\u00e7\u00e3o da quarta dose contra a Covid em idosos acima de 80 anos"},"content":{"rendered":"\n<p>Vacina\u00e7\u00e3o come\u00e7a a ser ofertada na segunda-feira (28) em todas as unidades de sa\u00fade; intervalo m\u00ednimo \u00e9 de quatro meses a partir do primeiro refor\u00e7o<\/p>\n\n\n\n<p><em>Foto: Christian Rizzi\/PMFI.<\/em><br><br>A Secretaria Municipal da Sa\u00fade dar\u00e1 in\u00edcio, na pr\u00f3xima segunda-feira (28), a aplica\u00e7\u00e3o de uma segunda dose de refor\u00e7o, tamb\u00e9m chamada de quarta dose contra a Covid-19, em idosos com 80 anos ou mais. Todas as 29 unidades b\u00e1sicas de sa\u00fade (UBS) ofertar\u00e3o a vacina, sem a necessidade de agendamento.&nbsp;<br><br>Anteriormente, a quarta dose s\u00f3 era indicada para pessoas imunocomprometidas com mais de 18 anos. A decis\u00e3o em incorporar a quarta dose para idosos foi tomada pela C\u00e2mara T\u00e9cnica Assessora em Imuniza\u00e7\u00f5es (CTAI) que levou em conta a redu\u00e7\u00e3o da efetividade das vacinas nesse p\u00fablico. Os estudos indicam que h\u00e1 um &#8220;envelhecimento natural do sistema imunol\u00f3gico, o que exige uma estrat\u00e9gia diferenciada para a prote\u00e7\u00e3o.&#8221;<br><br>A indica\u00e7\u00e3o tamb\u00e9m considera dados cl\u00ednicos, que apontam a efic\u00e1cia e seguran\u00e7a da aplica\u00e7\u00e3o da segunda dose de refor\u00e7o em pessoas imunocomprometidas, com eleva\u00e7\u00e3o significativa dos anticorpos. \u201cO surgimento de novas variantes tamb\u00e9m deve ser considerado, especialmente em grupos mais vulner\u00e1veis, como os idosos. Por isso \u00e9 estremamente importante que essa popula\u00e7\u00e3o busque as unidades de sa\u00fade e garanta mais essa prote\u00e7\u00e3o\u201d, orientou a secret\u00e1ria de sa\u00fade, Rosa Maria Jer\u00f4nymo.&nbsp;<br><br>Para receber a quarta dose, o idoso precisa ter recebido a terceira dose h\u00e1 pelo menos quatro meses. Conforme a orienta\u00e7\u00e3o do Minist\u00e9rio da Sa\u00fade, a vacina a ser utilizada para a dose de reforc\u00b8o devera\u00b4 ser, preferencialmente, da plataforma de RNA mensageiro (Comirnaty\/Pfizer) ou, de maneira alternativa, vacina de vetor viral (Janssen ou AstraZeneca).<br><br>As equipes das unidades de sa\u00fade ser\u00e3o organizadas a partir da pr\u00f3xima semana para iniciar vacina\u00e7\u00e3o domiciliar em idosos acamados e os que vivem em institui\u00e7\u00f5es de longa perman\u00eancia.<\/p>\n","protected":false},"excerpt":{"rendered":"<p>Vacina\u00e7\u00e3o come\u00e7a a ser ofertada na segunda-feira (28) em todas as unidades de sa\u00fade; intervalo m\u00ednimo \u00e9 de quatro meses a partir do primeiro refor\u00e7o Foto: Christian Rizzi\/PMFI. A Secretaria Municipal da Sa\u00fade dar\u00e1 in\u00edcio, na pr\u00f3xima segunda-feira (28), a aplica\u00e7\u00e3o de uma segunda dose de refor\u00e7o, tamb\u00e9m chamada de quarta dose contra a Covid-19, [&hellip;]<\/p>\n","protected":false},"author":2,"featured_media":7635,"comment_status":"open","ping_status":"open","sticky":false,"template":"","format":"standard","meta":{"om_disable_all_campaigns":false,"_monsterinsights_skip_tracking":false,"_monsterinsights_sitenote_active":false,"_monsterinsights_sitenote_note":"","_monsterinsights_sitenote_category":0,"footnotes":""},"categories":[4,7],"tags":[],"class_list":["post-7633","post","type-post","status-publish","format-standard","has-post-thumbnail","hentry","category-cidade","category-covid-19"],"_links":{"self":[{"href":"https:\/\/acontecenafronteira.com.br\/index.php\/wp-json\/wp\/v2\/posts\/7633","targetHints":{"allow":["GET"]}}],"collection":[{"href":"https:\/\/acontecenafronteira.com.br\/index.php\/wp-json\/wp\/v2\/posts"}],"about":[{"href":"https:\/\/acontecenafronteira.com.br\/index.php\/wp-json\/wp\/v2\/types\/post"}],"author":[{"embeddable":true,"href":"https:\/\/acontecenafronteira.com.br\/index.php\/wp-json\/wp\/v2\/users\/2"}],"replies":[{"embeddable":true,"href":"https:\/\/acontecenafronteira.com.br\/index.php\/wp-json\/wp\/v2\/comments?post=7633"}],"version-history":[{"count":1,"href":"https:\/\/acontecenafronteira.com.br\/index.php\/wp-json\/wp\/v2\/posts\/7633\/revisions"}],"predecessor-version":[{"id":7636,"href":"https:\/\/acontecenafronteira.com.br\/index.php\/wp-json\/wp\/v2\/posts\/7633\/revisions\/7636"}],"wp:featuredmedia":[{"embeddable":true,"href":"https:\/\/acontecenafronteira.com.br\/index.php\/wp-json\/wp\/v2\/media\/7635"}],"wp:attachment":[{"href":"https:\/\/acontecenafronteira.com.br\/index.php\/wp-json\/wp\/v2\/media?parent=7633"}],"wp:term":[{"taxonomy":"category","embeddable":true,"href":"https:\/\/acontecenafronteira.com.br\/index.php\/wp-json\/wp\/v2\/categories?post=7633"},{"taxonomy":"post_tag","embeddable":true,"href":"https:\/\/acontecenafronteira.com.br\/index.php\/wp-json\/wp\/v2\/tags?post=7633"}],"curies":[{"name":"wp","href":"https:\/\/api.w.org\/{rel}","templated":true}]}}