{"id":7625,"date":"2022-03-28T10:32:12","date_gmt":"2022-03-28T13:32:12","guid":{"rendered":"https:\/\/acontecenafronteira.com.br\/?p=7625"},"modified":"2022-03-28T10:32:13","modified_gmt":"2022-03-28T13:32:13","slug":"seis-pessoas-sao-presas-por-pesca-ilegal-no-lago-de-itaipu","status":"publish","type":"post","link":"https:\/\/acontecenafronteira.com.br\/index.php\/2022\/03\/28\/seis-pessoas-sao-presas-por-pesca-ilegal-no-lago-de-itaipu\/","title":{"rendered":"Seis pessoas s\u00e3o presas por pesca ilegal no Lago de Itaipu"},"content":{"rendered":"\n<p>Multas somam R$ 11,1 mil. Foram apreendidos a embarca\u00e7\u00e3o, cerca de 330 metros de redes e acess\u00f3rios.<\/p>\n\n\n\n<p>Policiais militares do Batalh\u00e3o de Pol\u00edcia Ambiental flagraram nesta quinta-feira (24) seis homens pescando com rede no Lago de Itaipu, na regi\u00e3o de S\u00e3o Miguel do Igua\u00e7u, pr\u00e1tica ilegal por causar danos a esp\u00e9cies protegidas como corvina, tra\u00edra e piranha. A ocorr\u00eancia resultou no encaminhamento dos envolvidos e em R$ 11,1 mil em multas.<\/p>\n\n\n\n<p>A abordagem foi durante o patrulhamento aqu\u00e1tico nas imedia\u00e7\u00f5es da Prainha de S\u00e3o Miguel do Igua\u00e7u. A equipe percebeu que havia tr\u00eas pessoas numa rampa de acesso ao lago e outras tr\u00eas em um barco de madeira, e fez a abordagem. Foi constatado o crime de pesca com apetrecho proibido, no caso a rede. At\u00e9 aquele momento, os homens j\u00e1 tinham pescado 29,6 quilos de peixes.<\/p>\n\n\n\n<p>Foram apreendidos a embarca\u00e7\u00e3o, cerca de 330 metros de redes e demais acess\u00f3rios. Todos os seis ocupantes do barco foram presos e encaminhados, primeiramente, \u00e0 Companhia da PM de Foz do Igua\u00e7u para a lavratura da documenta\u00e7\u00e3o e, posteriormente, \u00e0 Delegacia da Pol\u00edcia Federal de Foz do Igua\u00e7u.<\/p>\n\n\n\n<figure class=\"wp-block-image size-large is-style-default\"><img loading=\"lazy\" decoding=\"async\" width=\"1024\" height=\"683\" src=\"https:\/\/acontecenafronteira.com.br\/wp-content\/uploads\/2022\/03\/whatsapp_image_2022-03-25_at_10.25.29_1-1024x683.jpg?v=1648474302\" alt=\"\" class=\"wp-image-7627\" srcset=\"https:\/\/acontecenafronteira.com.br\/wp-content\/uploads\/2022\/03\/whatsapp_image_2022-03-25_at_10.25.29_1-1024x683.jpg?v=1648474302 1024w, https:\/\/acontecenafronteira.com.br\/wp-content\/uploads\/2022\/03\/whatsapp_image_2022-03-25_at_10.25.29_1-300x200.jpg?v=1648474302 300w, https:\/\/acontecenafronteira.com.br\/wp-content\/uploads\/2022\/03\/whatsapp_image_2022-03-25_at_10.25.29_1-768x512.jpg?v=1648474302 768w, https:\/\/acontecenafronteira.com.br\/wp-content\/uploads\/2022\/03\/whatsapp_image_2022-03-25_at_10.25.29_1-1536x1024.jpg?v=1648474302 1536w, https:\/\/acontecenafronteira.com.br\/wp-content\/uploads\/2022\/03\/whatsapp_image_2022-03-25_at_10.25.29_1.jpg?v=1648474302 1599w\" sizes=\"auto, (max-width: 1024px) 100vw, 1024px\" \/><figcaption>Pol\u00edcia Ambiental prende seis e aplica R$ 11 mil em multas ao constatar pesca ilegal no Lago Itaipu, no Oeste do estado &#8211;<\/figcaption><\/figure>\n\n\n\n<p><\/p>\n\n\n\n<p><em>AEN<\/em><\/p>\n","protected":false},"excerpt":{"rendered":"<p>Multas somam R$ 11,1 mil. Foram apreendidos a embarca\u00e7\u00e3o, cerca de 330 metros de redes e acess\u00f3rios. Policiais militares do Batalh\u00e3o de Pol\u00edcia Ambiental flagraram nesta quinta-feira (24) seis homens pescando com rede no Lago de Itaipu, na regi\u00e3o de S\u00e3o Miguel do Igua\u00e7u, pr\u00e1tica ilegal por causar danos a esp\u00e9cies protegidas como corvina, tra\u00edra [&hellip;]<\/p>\n","protected":false},"author":2,"featured_media":7626,"comment_status":"open","ping_status":"open","sticky":false,"template":"","format":"standard","meta":{"om_disable_all_campaigns":false,"_monsterinsights_skip_tracking":false,"_monsterinsights_sitenote_active":false,"_monsterinsights_sitenote_note":"","_monsterinsights_sitenote_category":0,"footnotes":""},"categories":[4,5],"tags":[],"class_list":["post-7625","post","type-post","status-publish","format-standard","has-post-thumbnail","hentry","category-cidade","category-policia"],"_links":{"self":[{"href":"https:\/\/acontecenafronteira.com.br\/index.php\/wp-json\/wp\/v2\/posts\/7625","targetHints":{"allow":["GET"]}}],"collection":[{"href":"https:\/\/acontecenafronteira.com.br\/index.php\/wp-json\/wp\/v2\/posts"}],"about":[{"href":"https:\/\/acontecenafronteira.com.br\/index.php\/wp-json\/wp\/v2\/types\/post"}],"author":[{"embeddable":true,"href":"https:\/\/acontecenafronteira.com.br\/index.php\/wp-json\/wp\/v2\/users\/2"}],"replies":[{"embeddable":true,"href":"https:\/\/acontecenafronteira.com.br\/index.php\/wp-json\/wp\/v2\/comments?post=7625"}],"version-history":[{"count":1,"href":"https:\/\/acontecenafronteira.com.br\/index.php\/wp-json\/wp\/v2\/posts\/7625\/revisions"}],"predecessor-version":[{"id":7628,"href":"https:\/\/acontecenafronteira.com.br\/index.php\/wp-json\/wp\/v2\/posts\/7625\/revisions\/7628"}],"wp:featuredmedia":[{"embeddable":true,"href":"https:\/\/acontecenafronteira.com.br\/index.php\/wp-json\/wp\/v2\/media\/7626"}],"wp:attachment":[{"href":"https:\/\/acontecenafronteira.com.br\/index.php\/wp-json\/wp\/v2\/media?parent=7625"}],"wp:term":[{"taxonomy":"category","embeddable":true,"href":"https:\/\/acontecenafronteira.com.br\/index.php\/wp-json\/wp\/v2\/categories?post=7625"},{"taxonomy":"post_tag","embeddable":true,"href":"https:\/\/acontecenafronteira.com.br\/index.php\/wp-json\/wp\/v2\/tags?post=7625"}],"curies":[{"name":"wp","href":"https:\/\/api.w.org\/{rel}","templated":true}]}}