{"id":7576,"date":"2022-03-25T15:12:57","date_gmt":"2022-03-25T18:12:57","guid":{"rendered":"https:\/\/acontecenafronteira.com.br\/?p=7576"},"modified":"2022-03-25T15:12:58","modified_gmt":"2022-03-25T18:12:58","slug":"prefeitura-reabre-agendamento-para-a-vacinacao-infantil-contra-a-covid-19","status":"publish","type":"post","link":"https:\/\/acontecenafronteira.com.br\/index.php\/2022\/03\/25\/prefeitura-reabre-agendamento-para-a-vacinacao-infantil-contra-a-covid-19\/","title":{"rendered":"<br>Prefeitura reabre agendamento para a vacina\u00e7\u00e3o infantil contra a Covid-19"},"content":{"rendered":"\n<p>Foram disponibilizadas 5.580 doses para a pr\u00f3xima semana, em todas as unidades de sa\u00fade<\/p>\n\n\n\n<p>A Secretaria Municipal de Sa\u00fade reabriu o agendamento on-line para a vacina\u00e7\u00e3o em crian\u00e7as de 5 a 11 anos contra a Covid-19. Ser\u00e3o disponibilizadas 5.580 doses para aplica\u00e7\u00e3o de segunda \u00e0 sexta-feira (28 de mar\u00e7o a 1\u00ba de abril) em todas as 29 unidades b\u00e1sicas de sa\u00fade. Para agendar, basta acessar o site: https:\/\/vacinacao.pmfi.pr.gov.br\/ e escolher a UBS mais pr\u00f3xima.&nbsp;<br><br>No dia da vacina\u00e7\u00e3o, o pai ou a m\u00e3e deve apresentar um documento oficial com foto (para comprovar o parentesco), comprovante de resid\u00eancia e os documentos pessoais da crian\u00e7a. \u00c9 importante levar a carteirinha de vacina\u00e7\u00e3o do menor. Caso a crian\u00e7a n\u00e3o esteja acompanhada do pai ou da m\u00e3e, o respons\u00e1vel dever\u00e1 apresentar uma autoriza\u00e7\u00e3o por escrito (o modelo est\u00e1 dispon\u00edvel no site da prefeitura).<br><br>Desde o in\u00edcio da vacina\u00e7\u00e3o infantil, no dia 19 de janeiro, 13.475 crian\u00e7as foram vacinadas com a primeira dose, o que representa 51,4% do p\u00fablico alvo. J\u00e1 receberam a segunda dose 3.270 crian\u00e7as, 12,47%.<\/p>\n","protected":false},"excerpt":{"rendered":"<p>Foram disponibilizadas 5.580 doses para a pr\u00f3xima semana, em todas as unidades de sa\u00fade A Secretaria Municipal de Sa\u00fade reabriu o agendamento on-line para a vacina\u00e7\u00e3o em crian\u00e7as de 5 a 11 anos contra a Covid-19. Ser\u00e3o disponibilizadas 5.580 doses para aplica\u00e7\u00e3o de segunda \u00e0 sexta-feira (28 de mar\u00e7o a 1\u00ba de abril) em todas [&hellip;]<\/p>\n","protected":false},"author":2,"featured_media":7578,"comment_status":"open","ping_status":"open","sticky":false,"template":"","format":"standard","meta":{"om_disable_all_campaigns":false,"_monsterinsights_skip_tracking":false,"_monsterinsights_sitenote_active":false,"_monsterinsights_sitenote_note":"","_monsterinsights_sitenote_category":0,"footnotes":""},"categories":[4,7],"tags":[],"class_list":["post-7576","post","type-post","status-publish","format-standard","has-post-thumbnail","hentry","category-cidade","category-covid-19"],"_links":{"self":[{"href":"https:\/\/acontecenafronteira.com.br\/index.php\/wp-json\/wp\/v2\/posts\/7576","targetHints":{"allow":["GET"]}}],"collection":[{"href":"https:\/\/acontecenafronteira.com.br\/index.php\/wp-json\/wp\/v2\/posts"}],"about":[{"href":"https:\/\/acontecenafronteira.com.br\/index.php\/wp-json\/wp\/v2\/types\/post"}],"author":[{"embeddable":true,"href":"https:\/\/acontecenafronteira.com.br\/index.php\/wp-json\/wp\/v2\/users\/2"}],"replies":[{"embeddable":true,"href":"https:\/\/acontecenafronteira.com.br\/index.php\/wp-json\/wp\/v2\/comments?post=7576"}],"version-history":[{"count":1,"href":"https:\/\/acontecenafronteira.com.br\/index.php\/wp-json\/wp\/v2\/posts\/7576\/revisions"}],"predecessor-version":[{"id":7579,"href":"https:\/\/acontecenafronteira.com.br\/index.php\/wp-json\/wp\/v2\/posts\/7576\/revisions\/7579"}],"wp:featuredmedia":[{"embeddable":true,"href":"https:\/\/acontecenafronteira.com.br\/index.php\/wp-json\/wp\/v2\/media\/7578"}],"wp:attachment":[{"href":"https:\/\/acontecenafronteira.com.br\/index.php\/wp-json\/wp\/v2\/media?parent=7576"}],"wp:term":[{"taxonomy":"category","embeddable":true,"href":"https:\/\/acontecenafronteira.com.br\/index.php\/wp-json\/wp\/v2\/categories?post=7576"},{"taxonomy":"post_tag","embeddable":true,"href":"https:\/\/acontecenafronteira.com.br\/index.php\/wp-json\/wp\/v2\/tags?post=7576"}],"curies":[{"name":"wp","href":"https:\/\/api.w.org\/{rel}","templated":true}]}}