{"id":7563,"date":"2022-03-25T13:16:34","date_gmt":"2022-03-25T16:16:34","guid":{"rendered":"https:\/\/acontecenafronteira.com.br\/?p=7563"},"modified":"2022-03-25T13:16:35","modified_gmt":"2022-03-25T16:16:35","slug":"conferencia-debate-o-enfrentamento-ao-racismo-e-a-intolerancia-religiosa","status":"publish","type":"post","link":"https:\/\/acontecenafronteira.com.br\/index.php\/2022\/03\/25\/conferencia-debate-o-enfrentamento-ao-racismo-e-a-intolerancia-religiosa\/","title":{"rendered":"Confer\u00eancia debate o enfrentamento ao racismo e \u00e0 intoler\u00e2ncia religiosa"},"content":{"rendered":"\n<p>Quatro eixos voltados \u00e0 promo\u00e7\u00e3o da igualdade racial est\u00e3o sendo discutidos no encontro<\/p>\n\n\n\n<p>O enfrentamento ao racismo e \u00e0s outras formas correlatas de discrimina\u00e7\u00e3o \u00e9tnico-racionais e de intoler\u00e2ncia religiosa est\u00e1 sendo debatido em Foz do Igua\u00e7u na II Confer\u00eancia Municipal de Promo\u00e7\u00e3o da Igualdade Racial, realizada hoje (25) na Sociedade Beneficente Isl\u00e2mica, na Rua Jos\u00e9 Maria de Brito.<br><br>Durante todo o dia, representantes da sociedade civil e governamental, entidades, povos de terreiro e poder p\u00fablico, discutem propostas que garantam a efetiva\u00e7\u00e3o do respeito, da prote\u00e7\u00e3o e concretiza\u00e7\u00e3o dos direitos humanos. Ao final do encontro, tamb\u00e9m ser\u00e3o eleitos cinco delegados (as) que representar\u00e3o Foz do Igua\u00e7u na 5\u00aa Confer\u00eancia Estadual da Promo\u00e7\u00e3o da Igualdade Racial.\u00a0<br><br>Para a presidente do Conselho, Ilsy Adriana Galv\u00e3o, o encontro \u00e9 uma oportunidade de ouvir as demandas e debater a\u00e7\u00f5es efetivas. \u201cMomentos como esse s\u00e3o importantes por reunir representantes da sociedade e parte governamental, para que possamos ouvir as demandas e encontrar solu\u00e7\u00f5es para os problemas relacionados \u00e0 discrimina\u00e7\u00e3o \u00e9tnica e racial\u201d, afirmou.<br><br>Apesar dos avan\u00e7os nos \u00faltimos anos, como a cria\u00e7\u00e3o do Conselho da Igualdade Racial e do fortalecimento da Secretaria de Direitos Humanos, Ilsy acredita que o pa\u00eds retrocedeu nas quest\u00f5es raciais, e essa demanda precisa ser revista. \u201cTemos o Estatuto da Igualdade Racial, de 2010, temos algumas leis educacionais de 2009, mas os avan\u00e7os s\u00e3o lentos. Chegamos num momento de retrocesso, ent\u00e3o \u00e9 importante essa reflex\u00e3o, para encontrar solu\u00e7\u00f5es que assegurem os direitos da popula\u00e7\u00e3o negra\u201d reiterou.<br><br>Na abertura da confer\u00eancia, na manh\u00e3 desta sexta-feira (25), a secret\u00e1ria de Direitos Humanos, Kelyn Trento, disse que Foz do Igua\u00e7u, por seu territ\u00f3rio e por acolher tantas etnias, precisa ser modelo no enfrentamento a discrimina\u00e7\u00e3o. \u201cFoz tem sua import\u00e2ncia pelo turismo e por abrigar diversas etnias. \u00c9 preciso debater o racismo porque infelizmente ele ainda existe no nosso pa\u00eds. Desejamos que as propostas que saiam daqui sejam exitosas\u201d, comentou.<br><br>A confer\u00eancia marca o Dia Internacional Contra a Discrimina\u00e7\u00e3o Racial, lembrado em 21 de mar\u00e7o.<\/p>\n\n\n\n<figure class=\"wp-block-gallery has-nested-images columns-default is-cropped wp-block-gallery-1 is-layout-flex wp-block-gallery-is-layout-flex\">\n<figure class=\"wp-block-image size-large is-style-default\"><a href=\"https:\/\/acontecenafronteira.com.br\/wp-content\/uploads\/2022\/03\/WhatsApp-Image-2022-03-25-at-12.31.21-2-1.jpeg\"><img loading=\"lazy\" decoding=\"async\" width=\"1024\" height=\"576\" data-id=\"7566\" src=\"https:\/\/acontecenafronteira.com.br\/wp-content\/uploads\/2022\/03\/WhatsApp-Image-2022-03-25-at-12.31.21-2-1-1024x576.jpeg?v=1648224607\" alt=\"\" class=\"wp-image-7566\" srcset=\"https:\/\/acontecenafronteira.com.br\/wp-content\/uploads\/2022\/03\/WhatsApp-Image-2022-03-25-at-12.31.21-2-1-1024x576.jpeg?v=1648224607 1024w, https:\/\/acontecenafronteira.com.br\/wp-content\/uploads\/2022\/03\/WhatsApp-Image-2022-03-25-at-12.31.21-2-1-300x169.jpeg?v=1648224607 300w, https:\/\/acontecenafronteira.com.br\/wp-content\/uploads\/2022\/03\/WhatsApp-Image-2022-03-25-at-12.31.21-2-1-768x432.jpeg?v=1648224607 768w, https:\/\/acontecenafronteira.com.br\/wp-content\/uploads\/2022\/03\/WhatsApp-Image-2022-03-25-at-12.31.21-2-1.jpeg?v=1648224607 1280w\" sizes=\"auto, (max-width: 1024px) 100vw, 1024px\" \/><\/a><\/figure>\n\n\n\n<figure class=\"wp-block-image size-large is-style-default\"><a href=\"https:\/\/acontecenafronteira.com.br\/wp-content\/uploads\/2022\/03\/WhatsApp-Image-2022-03-25-at-12.31.21-1.jpeg\"><img loading=\"lazy\" decoding=\"async\" width=\"1024\" height=\"576\" data-id=\"7567\" src=\"https:\/\/acontecenafronteira.com.br\/wp-content\/uploads\/2022\/03\/WhatsApp-Image-2022-03-25-at-12.31.21-1-1024x576.jpeg?v=1648224612\" alt=\"\" class=\"wp-image-7567\" srcset=\"https:\/\/acontecenafronteira.com.br\/wp-content\/uploads\/2022\/03\/WhatsApp-Image-2022-03-25-at-12.31.21-1-1024x576.jpeg?v=1648224612 1024w, https:\/\/acontecenafronteira.com.br\/wp-content\/uploads\/2022\/03\/WhatsApp-Image-2022-03-25-at-12.31.21-1-300x169.jpeg?v=1648224612 300w, https:\/\/acontecenafronteira.com.br\/wp-content\/uploads\/2022\/03\/WhatsApp-Image-2022-03-25-at-12.31.21-1-768x432.jpeg?v=1648224612 768w, https:\/\/acontecenafronteira.com.br\/wp-content\/uploads\/2022\/03\/WhatsApp-Image-2022-03-25-at-12.31.21-1.jpeg?v=1648224612 1280w\" sizes=\"auto, (max-width: 1024px) 100vw, 1024px\" \/><\/a><\/figure>\n\n\n\n<figure class=\"wp-block-image size-large is-style-default\"><a href=\"https:\/\/acontecenafronteira.com.br\/wp-content\/uploads\/2022\/03\/WhatsApp-Image-2022-03-25-at-12.31.21.jpeg\"><img loading=\"lazy\" decoding=\"async\" width=\"1024\" height=\"576\" data-id=\"7568\" src=\"https:\/\/acontecenafronteira.com.br\/wp-content\/uploads\/2022\/03\/WhatsApp-Image-2022-03-25-at-12.31.21-1024x576.jpeg?v=1648224612\" alt=\"\" class=\"wp-image-7568\" srcset=\"https:\/\/acontecenafronteira.com.br\/wp-content\/uploads\/2022\/03\/WhatsApp-Image-2022-03-25-at-12.31.21-1024x576.jpeg?v=1648224612 1024w, https:\/\/acontecenafronteira.com.br\/wp-content\/uploads\/2022\/03\/WhatsApp-Image-2022-03-25-at-12.31.21-300x169.jpeg?v=1648224612 300w, https:\/\/acontecenafronteira.com.br\/wp-content\/uploads\/2022\/03\/WhatsApp-Image-2022-03-25-at-12.31.21-768x432.jpeg?v=1648224612 768w, https:\/\/acontecenafronteira.com.br\/wp-content\/uploads\/2022\/03\/WhatsApp-Image-2022-03-25-at-12.31.21.jpeg?v=1648224612 1280w\" sizes=\"auto, (max-width: 1024px) 100vw, 1024px\" \/><\/a><\/figure>\n<\/figure>\n","protected":false},"excerpt":{"rendered":"<p>Quatro eixos voltados \u00e0 promo\u00e7\u00e3o da igualdade racial est\u00e3o sendo discutidos no encontro O enfrentamento ao racismo e \u00e0s outras formas correlatas de discrimina\u00e7\u00e3o \u00e9tnico-racionais e de intoler\u00e2ncia religiosa est\u00e1 sendo debatido em Foz do Igua\u00e7u na II Confer\u00eancia Municipal de Promo\u00e7\u00e3o da Igualdade Racial, realizada hoje (25) na Sociedade Beneficente Isl\u00e2mica, na Rua Jos\u00e9 [&hellip;]<\/p>\n","protected":false},"author":2,"featured_media":7565,"comment_status":"open","ping_status":"open","sticky":false,"template":"","format":"standard","meta":{"om_disable_all_campaigns":false,"_monsterinsights_skip_tracking":false,"_monsterinsights_sitenote_active":false,"_monsterinsights_sitenote_note":"","_monsterinsights_sitenote_category":0,"footnotes":""},"categories":[4],"tags":[],"class_list":["post-7563","post","type-post","status-publish","format-standard","has-post-thumbnail","hentry","category-cidade"],"_links":{"self":[{"href":"https:\/\/acontecenafronteira.com.br\/index.php\/wp-json\/wp\/v2\/posts\/7563","targetHints":{"allow":["GET"]}}],"collection":[{"href":"https:\/\/acontecenafronteira.com.br\/index.php\/wp-json\/wp\/v2\/posts"}],"about":[{"href":"https:\/\/acontecenafronteira.com.br\/index.php\/wp-json\/wp\/v2\/types\/post"}],"author":[{"embeddable":true,"href":"https:\/\/acontecenafronteira.com.br\/index.php\/wp-json\/wp\/v2\/users\/2"}],"replies":[{"embeddable":true,"href":"https:\/\/acontecenafronteira.com.br\/index.php\/wp-json\/wp\/v2\/comments?post=7563"}],"version-history":[{"count":1,"href":"https:\/\/acontecenafronteira.com.br\/index.php\/wp-json\/wp\/v2\/posts\/7563\/revisions"}],"predecessor-version":[{"id":7569,"href":"https:\/\/acontecenafronteira.com.br\/index.php\/wp-json\/wp\/v2\/posts\/7563\/revisions\/7569"}],"wp:featuredmedia":[{"embeddable":true,"href":"https:\/\/acontecenafronteira.com.br\/index.php\/wp-json\/wp\/v2\/media\/7565"}],"wp:attachment":[{"href":"https:\/\/acontecenafronteira.com.br\/index.php\/wp-json\/wp\/v2\/media?parent=7563"}],"wp:term":[{"taxonomy":"category","embeddable":true,"href":"https:\/\/acontecenafronteira.com.br\/index.php\/wp-json\/wp\/v2\/categories?post=7563"},{"taxonomy":"post_tag","embeddable":true,"href":"https:\/\/acontecenafronteira.com.br\/index.php\/wp-json\/wp\/v2\/tags?post=7563"}],"curies":[{"name":"wp","href":"https:\/\/api.w.org\/{rel}","templated":true}]}}