{"id":7547,"date":"2022-03-25T13:02:11","date_gmt":"2022-03-25T16:02:11","guid":{"rendered":"https:\/\/acontecenafronteira.com.br\/?p=7547"},"modified":"2022-03-25T13:02:12","modified_gmt":"2022-03-25T16:02:12","slug":"onibus-com-38-passageiros-que-viajava-de-foz-para-sao-paulo-e-assaltado","status":"publish","type":"post","link":"https:\/\/acontecenafronteira.com.br\/index.php\/2022\/03\/25\/onibus-com-38-passageiros-que-viajava-de-foz-para-sao-paulo-e-assaltado\/","title":{"rendered":"\u00d4nibus com 38 passageiros que viajava de Foz para S\u00e3o Paulo \u00e9 assaltado"},"content":{"rendered":"\n<p>Um \u00f4nibus que seguia com 38 passageiros de Foz do Igua\u00e7u para S\u00e3o Paulo, foi assaltado na madrugada desta quinta-feira (24), em S\u00e3o Jo\u00e3o do Iva\u00ed, norte do Paran\u00e1.<\/p>\n\n\n\n<p>Segundo a Pol\u00edcia Rodovi\u00e1ria Estadual, o \u00f4nibus foi abordado por quatro assaltantes armados quando passava pela PR-317. Atirando para cima, os criminosos obrigaram o motorista a desviar para uma estrada rural.<\/p>\n\n\n\n<p>Os assaltantes levaram pertencem dos passageiros, como dinheiro e celulares, al\u00e9m de mercadorias compradas no Paraguai. Segundo a Pol\u00edcia, os criminosos fugiram sem machucar ningu\u00e9m.<\/p>\n\n\n\n<p>Radio Cultura Foz<\/p>\n","protected":false},"excerpt":{"rendered":"<p>Um \u00f4nibus que seguia com 38 passageiros de Foz do Igua\u00e7u para S\u00e3o Paulo, foi assaltado na madrugada desta quinta-feira (24), em S\u00e3o Jo\u00e3o do Iva\u00ed, norte do Paran\u00e1. Segundo a Pol\u00edcia Rodovi\u00e1ria Estadual, o \u00f4nibus foi abordado por quatro assaltantes armados quando passava pela PR-317. Atirando para cima, os criminosos obrigaram o motorista a [&hellip;]<\/p>\n","protected":false},"author":2,"featured_media":7548,"comment_status":"open","ping_status":"open","sticky":false,"template":"","format":"standard","meta":{"om_disable_all_campaigns":false,"_monsterinsights_skip_tracking":false,"_monsterinsights_sitenote_active":false,"_monsterinsights_sitenote_note":"","_monsterinsights_sitenote_category":0,"footnotes":""},"categories":[4,5],"tags":[],"class_list":["post-7547","post","type-post","status-publish","format-standard","has-post-thumbnail","hentry","category-cidade","category-policia"],"_links":{"self":[{"href":"https:\/\/acontecenafronteira.com.br\/index.php\/wp-json\/wp\/v2\/posts\/7547","targetHints":{"allow":["GET"]}}],"collection":[{"href":"https:\/\/acontecenafronteira.com.br\/index.php\/wp-json\/wp\/v2\/posts"}],"about":[{"href":"https:\/\/acontecenafronteira.com.br\/index.php\/wp-json\/wp\/v2\/types\/post"}],"author":[{"embeddable":true,"href":"https:\/\/acontecenafronteira.com.br\/index.php\/wp-json\/wp\/v2\/users\/2"}],"replies":[{"embeddable":true,"href":"https:\/\/acontecenafronteira.com.br\/index.php\/wp-json\/wp\/v2\/comments?post=7547"}],"version-history":[{"count":1,"href":"https:\/\/acontecenafronteira.com.br\/index.php\/wp-json\/wp\/v2\/posts\/7547\/revisions"}],"predecessor-version":[{"id":7549,"href":"https:\/\/acontecenafronteira.com.br\/index.php\/wp-json\/wp\/v2\/posts\/7547\/revisions\/7549"}],"wp:featuredmedia":[{"embeddable":true,"href":"https:\/\/acontecenafronteira.com.br\/index.php\/wp-json\/wp\/v2\/media\/7548"}],"wp:attachment":[{"href":"https:\/\/acontecenafronteira.com.br\/index.php\/wp-json\/wp\/v2\/media?parent=7547"}],"wp:term":[{"taxonomy":"category","embeddable":true,"href":"https:\/\/acontecenafronteira.com.br\/index.php\/wp-json\/wp\/v2\/categories?post=7547"},{"taxonomy":"post_tag","embeddable":true,"href":"https:\/\/acontecenafronteira.com.br\/index.php\/wp-json\/wp\/v2\/tags?post=7547"}],"curies":[{"name":"wp","href":"https:\/\/api.w.org\/{rel}","templated":true}]}}