{"id":7520,"date":"2022-03-24T10:18:32","date_gmt":"2022-03-24T13:18:32","guid":{"rendered":"https:\/\/acontecenafronteira.com.br\/?p=7520"},"modified":"2022-03-24T10:18:33","modified_gmt":"2022-03-24T13:18:33","slug":"hospital-municipal-recebe-consultoria-do-hospital-albert-einstein","status":"publish","type":"post","link":"https:\/\/acontecenafronteira.com.br\/index.php\/2022\/03\/24\/hospital-municipal-recebe-consultoria-do-hospital-albert-einstein\/","title":{"rendered":"Hospital Municipal recebe consultoria do Hospital Albert Einstein"},"content":{"rendered":"\n<p>Processo tem previs\u00e3o de dura\u00e7\u00e3o de 10 meses; ser\u00e3o criados planos estrat\u00e9gicos para melhorias do desempenho da institui\u00e7\u00e3o<\/p>\n\n\n\n<p>O Hospital Municipal Padre Germano Lauck, administrado pela Funda\u00e7\u00e3o Municipal de Sa\u00fade de Foz do Igua\u00e7u, est\u00e1 recebendo consultoria do Instituto Israelita de Consultoria e Gest\u00e3o do Hospital Albert Einstein.<\/p>\n\n\n\n<p>A primeira reuni\u00e3o com a equipe do Alberto Einstein foi no in\u00edcio de mar\u00e7o, e contou com a presen\u00e7a do prefeito Chico Brasileiro, da secret\u00e1ria de Sa\u00fade, Rosa Maria Jer\u00f4nimo Lima, da dire\u00e7\u00e3o executiva da Funda\u00e7\u00e3o Municipal de Sa\u00fade e todos os gestores setoriais.<\/p>\n\n\n\n<p>O objetivo da parceria \u00e9 qualificar a gest\u00e3o hospitalar. Em 2020, as equipes do Albert Einstein fizeram um diagn\u00f3stico do hospital municipal e, a partir dessas informa\u00e7\u00f5es, v\u00e3o atuar na cria\u00e7\u00e3o de planos estrat\u00e9gicos para melhorias de desempenho.<\/p>\n\n\n\n<blockquote class=\"wp-block-quote is-layout-flow wp-block-quote-is-layout-flow\"><p>&#8220;O projeto ter\u00e1 a dura\u00e7\u00e3o inicial de 10 meses e o sucesso s\u00f3 ser\u00e1 poss\u00edvel se estivermos dispostos a mudarmos nossas rotinas e atitudes, para juntos alcan\u00e7armos a melhoria na gest\u00e3o dos processos e na implanta\u00e7\u00e3o das a\u00e7\u00f5es, colhendo assim os resultados esperados&#8221;, explicou o diretor-presidente da Funda\u00e7\u00e3o de Sa\u00fade, Dr. Amon Mendes Franco de Sousa.<\/p><\/blockquote>\n\n\n\n<blockquote class=\"wp-block-quote is-layout-flow wp-block-quote-is-layout-flow\"><p>&#8220;Em r\u00e1pido hist\u00f3rico, a verdade \u00e9 que tivemos a maior crise sanit\u00e1ria dos \u00faltimos 100 anos. N\u00e3o foi qualquer coisa que vivenciamos, e os hospitais devem ser repensados nesse processo todo. \u00c9 necess\u00e1rio um plano diretor, uma gest\u00e3o sustent\u00e1vel e equilibrada. Foi pensando em tudo o que passamos que, juntamente com a Secretaria de Sa\u00fade, procuramos a parceria da consultoria do Einstein, dando um passo importante em benef\u00edcio da comunidade igua\u00e7uense&#8221;, disse o prefeito.<\/p><\/blockquote>\n\n\n\n<p>Brasileiro reiterou a import\u00e2ncia da parceria firmada, pedindo a colabora\u00e7\u00e3o dos profissionais para que seja bem sucedida. &#8220;Nenhum processo se implanta sem a colabora\u00e7\u00e3o da equipe. De nada adianta termos a melhor consultoria do Brasil se esses protocolos forem esquecidos. Faremos isso coletivamente&#8221;.<\/p>\n\n\n\n<blockquote class=\"wp-block-quote is-layout-flow wp-block-quote-is-layout-flow\"><p>&#8220;Iniciamos agora o processo acreditando que iremos colher muitos frutos, como um hospital de excel\u00eancia. Tenho a seguran\u00e7a de que toda a equipe do hospital municipal ter\u00e1 o compromisso com a consultoria do Einstein e que os processos ser\u00e3o desempenhados com a m\u00e1xima qualidade e comprometimento&#8221;, comentou a secret\u00e1ria de Sa\u00fade, Rosa Maria Jer\u00f4nimo Lima.<\/p><\/blockquote>\n\n\n\n<p>Consultoria e Gest\u00e3o Einstein<\/p>\n\n\n\n<p>Constru\u00eddo para ser um modelo de excel\u00eancia, o Einstein se tornou uma refer\u00eancia na assist\u00eancia \u00e0 sa\u00fade. Mais de 65 anos de hist\u00f3ria consolidaram o Hospital Israelita Albert Einstein na atua\u00e7\u00e3o em sa\u00fade p\u00fablica e privada no Brasil e na Am\u00e9rica Latina.<\/p>\n\n\n\n<p>S\u00e3o servi\u00e7os focados no desenho e evolu\u00e7\u00e3o constante da sua organiza\u00e7\u00e3o, desenvolvidos a partir de t\u00e9cnicas e pr\u00e1ticas inovadoras, testadas e implementadas.<\/p>\n","protected":false},"excerpt":{"rendered":"<p>Processo tem previs\u00e3o de dura\u00e7\u00e3o de 10 meses; ser\u00e3o criados planos estrat\u00e9gicos para melhorias do desempenho da institui\u00e7\u00e3o O Hospital Municipal Padre Germano Lauck, administrado pela Funda\u00e7\u00e3o Municipal de Sa\u00fade de Foz do Igua\u00e7u, est\u00e1 recebendo consultoria do Instituto Israelita de Consultoria e Gest\u00e3o do Hospital Albert Einstein. A primeira reuni\u00e3o com a equipe do [&hellip;]<\/p>\n","protected":false},"author":2,"featured_media":7521,"comment_status":"open","ping_status":"open","sticky":false,"template":"","format":"standard","meta":{"om_disable_all_campaigns":false,"_monsterinsights_skip_tracking":false,"_monsterinsights_sitenote_active":false,"_monsterinsights_sitenote_note":"","_monsterinsights_sitenote_category":0,"footnotes":""},"categories":[4,10],"tags":[],"class_list":["post-7520","post","type-post","status-publish","format-standard","has-post-thumbnail","hentry","category-cidade","category-saude"],"_links":{"self":[{"href":"https:\/\/acontecenafronteira.com.br\/index.php\/wp-json\/wp\/v2\/posts\/7520","targetHints":{"allow":["GET"]}}],"collection":[{"href":"https:\/\/acontecenafronteira.com.br\/index.php\/wp-json\/wp\/v2\/posts"}],"about":[{"href":"https:\/\/acontecenafronteira.com.br\/index.php\/wp-json\/wp\/v2\/types\/post"}],"author":[{"embeddable":true,"href":"https:\/\/acontecenafronteira.com.br\/index.php\/wp-json\/wp\/v2\/users\/2"}],"replies":[{"embeddable":true,"href":"https:\/\/acontecenafronteira.com.br\/index.php\/wp-json\/wp\/v2\/comments?post=7520"}],"version-history":[{"count":1,"href":"https:\/\/acontecenafronteira.com.br\/index.php\/wp-json\/wp\/v2\/posts\/7520\/revisions"}],"predecessor-version":[{"id":7522,"href":"https:\/\/acontecenafronteira.com.br\/index.php\/wp-json\/wp\/v2\/posts\/7520\/revisions\/7522"}],"wp:featuredmedia":[{"embeddable":true,"href":"https:\/\/acontecenafronteira.com.br\/index.php\/wp-json\/wp\/v2\/media\/7521"}],"wp:attachment":[{"href":"https:\/\/acontecenafronteira.com.br\/index.php\/wp-json\/wp\/v2\/media?parent=7520"}],"wp:term":[{"taxonomy":"category","embeddable":true,"href":"https:\/\/acontecenafronteira.com.br\/index.php\/wp-json\/wp\/v2\/categories?post=7520"},{"taxonomy":"post_tag","embeddable":true,"href":"https:\/\/acontecenafronteira.com.br\/index.php\/wp-json\/wp\/v2\/tags?post=7520"}],"curies":[{"name":"wp","href":"https:\/\/api.w.org\/{rel}","templated":true}]}}