{"id":7302,"date":"2022-03-21T10:30:28","date_gmt":"2022-03-21T13:30:28","guid":{"rendered":"https:\/\/acontecenafronteira.com.br\/?p=7302"},"modified":"2022-03-21T10:30:28","modified_gmt":"2022-03-21T13:30:28","slug":"diretoria-de-bem-estar-animal-de-foz-realiza-distribuicao-emergencial-de-racao-para-caes-e-gatos","status":"publish","type":"post","link":"https:\/\/acontecenafronteira.com.br\/index.php\/2022\/03\/21\/diretoria-de-bem-estar-animal-de-foz-realiza-distribuicao-emergencial-de-racao-para-caes-e-gatos\/","title":{"rendered":"Diretoria de Bem-Estar Animal de Foz realiza distribui\u00e7\u00e3o emergencial de ra\u00e7\u00e3o para c\u00e3es e gatos"},"content":{"rendered":"\n<p>Entrega ocorrer\u00e1 nos dias 24 e 25 de mar\u00e7o, das 8h \u00e0s 13h, no Horto Municipal<\/p>\n\n\n\n<p>A Diretoria de Bem Estar Animal (DIBA), vinculada \u00e0 Secretaria Municipal de Desenvolvimento Comercial, Industrial e Agropecu\u00e1rio, informa que far\u00e1 uma distribui\u00e7\u00e3o emergencial de ra\u00e7\u00e3o para c\u00e3es e gatos aos protetores de animais e ONGs credenciadas pelo munic\u00edpio na pr\u00f3xima quinta e sexta-feira (24 e 25), das 8h \u00e0s 13h, no Horto Municipal.&nbsp;<br><br>A DIBA esclarece ainda que est\u00e1 em processo de credenciamento de protetores e entidades de prote\u00e7\u00e3o animal do munic\u00edpio, por meio do edital de credenciamento n\u00b0 001\/2022, visando melhor atendimento.<br><br>No entanto, nesta quinta-feira (17) foi publicado no Di\u00e1rio Oficial do Munic\u00edpio a suspens\u00e3o do edital de credenciamento, a fim de adequar a plataforma usada para o cadastro e encaminhar para parecer da Procuradoria Geral do Munic\u00edpio em rela\u00e7\u00e3o aos recursos interpostos.<br><br>Para assegurar a continuidade do atendimento \u00e0s demandas previstas no edital, como a distribui\u00e7\u00e3o de ra\u00e7\u00f5es a c\u00e3es e gatos, a Diretoria de Bem Estar Animal realizar\u00e1 uma entrega emergencial de ra\u00e7\u00e3o, utilizando o credenciamento anterior n\u00b0 002\/2021 e 003\/2021 at\u00e9 a decis\u00e3o final acerca dos recursos e adequa\u00e7\u00e3o do sistema.<br><br>As entregas estavam previstas para acontecer com a conclus\u00e3o do processo de credenciamento, por\u00e9m diante das dificuldades que os protetores e entidades v\u00eam enfrentando com a falta de ra\u00e7\u00e3o para os seus animais, a Prefeitura de Foz do Igua\u00e7u acatou indica\u00e7\u00e3o da C\u00e2mara Municipal que prev\u00ea uma entrega emergencial de ra\u00e7\u00e3o para c\u00e3es e gatos no m\u00eas de mar\u00e7o.<\/p>\n","protected":false},"excerpt":{"rendered":"<p>Entrega ocorrer\u00e1 nos dias 24 e 25 de mar\u00e7o, das 8h \u00e0s 13h, no Horto Municipal A Diretoria de Bem Estar Animal (DIBA), vinculada \u00e0 Secretaria Municipal de Desenvolvimento Comercial, Industrial e Agropecu\u00e1rio, informa que far\u00e1 uma distribui\u00e7\u00e3o emergencial de ra\u00e7\u00e3o para c\u00e3es e gatos aos protetores de animais e ONGs credenciadas pelo munic\u00edpio na [&hellip;]<\/p>\n","protected":false},"author":2,"featured_media":7304,"comment_status":"open","ping_status":"open","sticky":false,"template":"","format":"standard","meta":{"om_disable_all_campaigns":false,"_monsterinsights_skip_tracking":false,"_monsterinsights_sitenote_active":false,"_monsterinsights_sitenote_note":"","_monsterinsights_sitenote_category":0,"footnotes":""},"categories":[4],"tags":[],"class_list":["post-7302","post","type-post","status-publish","format-standard","has-post-thumbnail","hentry","category-cidade"],"_links":{"self":[{"href":"https:\/\/acontecenafronteira.com.br\/index.php\/wp-json\/wp\/v2\/posts\/7302","targetHints":{"allow":["GET"]}}],"collection":[{"href":"https:\/\/acontecenafronteira.com.br\/index.php\/wp-json\/wp\/v2\/posts"}],"about":[{"href":"https:\/\/acontecenafronteira.com.br\/index.php\/wp-json\/wp\/v2\/types\/post"}],"author":[{"embeddable":true,"href":"https:\/\/acontecenafronteira.com.br\/index.php\/wp-json\/wp\/v2\/users\/2"}],"replies":[{"embeddable":true,"href":"https:\/\/acontecenafronteira.com.br\/index.php\/wp-json\/wp\/v2\/comments?post=7302"}],"version-history":[{"count":1,"href":"https:\/\/acontecenafronteira.com.br\/index.php\/wp-json\/wp\/v2\/posts\/7302\/revisions"}],"predecessor-version":[{"id":7305,"href":"https:\/\/acontecenafronteira.com.br\/index.php\/wp-json\/wp\/v2\/posts\/7302\/revisions\/7305"}],"wp:featuredmedia":[{"embeddable":true,"href":"https:\/\/acontecenafronteira.com.br\/index.php\/wp-json\/wp\/v2\/media\/7304"}],"wp:attachment":[{"href":"https:\/\/acontecenafronteira.com.br\/index.php\/wp-json\/wp\/v2\/media?parent=7302"}],"wp:term":[{"taxonomy":"category","embeddable":true,"href":"https:\/\/acontecenafronteira.com.br\/index.php\/wp-json\/wp\/v2\/categories?post=7302"},{"taxonomy":"post_tag","embeddable":true,"href":"https:\/\/acontecenafronteira.com.br\/index.php\/wp-json\/wp\/v2\/tags?post=7302"}],"curies":[{"name":"wp","href":"https:\/\/api.w.org\/{rel}","templated":true}]}}