{"id":7165,"date":"2022-03-17T10:28:26","date_gmt":"2022-03-17T13:28:26","guid":{"rendered":"https:\/\/acontecenafronteira.com.br\/?p=7165"},"modified":"2022-03-17T10:28:26","modified_gmt":"2022-03-17T13:28:26","slug":"usuarios-do-transporte-coletivo-ja-podem-comprar-creditos-para-o-vale-transporte","status":"publish","type":"post","link":"https:\/\/acontecenafronteira.com.br\/index.php\/2022\/03\/17\/usuarios-do-transporte-coletivo-ja-podem-comprar-creditos-para-o-vale-transporte\/","title":{"rendered":"Usu\u00e1rios do transporte coletivo j\u00e1 podem comprar cr\u00e9ditos para o vale-transporte"},"content":{"rendered":"\n<p>As vendas ocorrem na sede provis\u00f3ria da empresa, ao lado TTU. O cadastro utilizado ser\u00e1 o mesmo do antigo sistema e a tarifa segue livre at\u00e9 sexta-feira (18)<\/p>\n\n\n\n<p>A Via\u00e7\u00e3o Santa Clara come\u00e7ou a vender os cr\u00e9ditos de vale-transporte para os usu\u00e1rios do transporte coletivo de Foz do Igua\u00e7u na \u00faltima quarta-feira (16). Os cart\u00f5es j\u00e1 utilizados pela popula\u00e7\u00e3o poder\u00e3o ser reutilizados, entretanto, dever\u00e3o ser recarregados.<br><br>Para fazer a compra, \u00e9 preciso ir at\u00e9 a sede provis\u00f3ria da empresa, localizada na Rua Mem de S\u00e1, 449, Jardim Festugato, ao lado Terminal de Transporte de Foz do Igua\u00e7u. As vendas ser\u00e3o feitas tamb\u00e9m pelos canais digitais da empresa, que ser\u00e3o anunciados em breve.&nbsp;<br><br>Para facilitar as compras, a empresa usar\u00e1 o mesmo banco de dados com os usu\u00e1rios. Cidad\u00e3os isentos e estudantes seguem com os benef\u00edcios, sem precisar fazer atualiza\u00e7\u00e3o cadastral.&nbsp;<br><br>Durante esse per\u00edodo de transi\u00e7\u00e3o, a Prefeitura e o Instituto de Transportes e Tr\u00e2nsito de Foz do Igua\u00e7u &#8211; Foztrans refor\u00e7am que a tarifa segue livre at\u00e9 sexta-feira (18), a fim de facilitar a rotina dos trabalhadores e demais usu\u00e1rios do transporte coletivo.&nbsp;<br><br><strong>Itiner\u00e1rios<\/strong><br><br>O Foztrans segue analisando e estudando a reformula\u00e7\u00e3o de linhas para melhorar o trajeto feito pelos moradores. Sete novos \u00f4nibus entraram em opera\u00e7\u00e3o para retomar os itiner\u00e1rios de cinco linhas e refor\u00e7ar outras duas.&nbsp;<br><br>S\u00e3o elas: Linha 35 Terras Alpha; Linha 205 Jd. Santa Rita-Ponte; Linha 230 Tr\u00eas Lagoas \u2013 Ponte; Linha 240 Alto da Boa Vista; Linha 350 Morumbi \u2013 Ponte e duas recebem o refor\u00e7o: Linha 116 (Jardim das Flores) e Linha 120 (Parque Nacional).&nbsp;<br><br>Ainda conforme o Foztrans, as sugest\u00f5es da popula\u00e7\u00e3o s\u00e3o bem-vindas e&nbsp; podem ser feitas diretamente feita via aplicativo 156 Foz. As linhas e hor\u00e1rios podem ser consultados pelo link:&nbsp;<a href=\"https:\/\/foztrans.pmfi.pr.gov.br\/publicacao-468\">https:\/\/foztrans.pmfi.pr.gov.br\/publicacao-468#<\/a>.<\/p>\n","protected":false},"excerpt":{"rendered":"<p>As vendas ocorrem na sede provis\u00f3ria da empresa, ao lado TTU. O cadastro utilizado ser\u00e1 o mesmo do antigo sistema e a tarifa segue livre at\u00e9 sexta-feira (18) A Via\u00e7\u00e3o Santa Clara come\u00e7ou a vender os cr\u00e9ditos de vale-transporte para os usu\u00e1rios do transporte coletivo de Foz do Igua\u00e7u na \u00faltima quarta-feira (16). Os cart\u00f5es [&hellip;]<\/p>\n","protected":false},"author":2,"featured_media":7167,"comment_status":"open","ping_status":"open","sticky":false,"template":"","format":"standard","meta":{"om_disable_all_campaigns":false,"_monsterinsights_skip_tracking":false,"_monsterinsights_sitenote_active":false,"_monsterinsights_sitenote_note":"","_monsterinsights_sitenote_category":0,"footnotes":""},"categories":[4],"tags":[],"class_list":["post-7165","post","type-post","status-publish","format-standard","has-post-thumbnail","hentry","category-cidade"],"_links":{"self":[{"href":"https:\/\/acontecenafronteira.com.br\/index.php\/wp-json\/wp\/v2\/posts\/7165","targetHints":{"allow":["GET"]}}],"collection":[{"href":"https:\/\/acontecenafronteira.com.br\/index.php\/wp-json\/wp\/v2\/posts"}],"about":[{"href":"https:\/\/acontecenafronteira.com.br\/index.php\/wp-json\/wp\/v2\/types\/post"}],"author":[{"embeddable":true,"href":"https:\/\/acontecenafronteira.com.br\/index.php\/wp-json\/wp\/v2\/users\/2"}],"replies":[{"embeddable":true,"href":"https:\/\/acontecenafronteira.com.br\/index.php\/wp-json\/wp\/v2\/comments?post=7165"}],"version-history":[{"count":1,"href":"https:\/\/acontecenafronteira.com.br\/index.php\/wp-json\/wp\/v2\/posts\/7165\/revisions"}],"predecessor-version":[{"id":7168,"href":"https:\/\/acontecenafronteira.com.br\/index.php\/wp-json\/wp\/v2\/posts\/7165\/revisions\/7168"}],"wp:featuredmedia":[{"embeddable":true,"href":"https:\/\/acontecenafronteira.com.br\/index.php\/wp-json\/wp\/v2\/media\/7167"}],"wp:attachment":[{"href":"https:\/\/acontecenafronteira.com.br\/index.php\/wp-json\/wp\/v2\/media?parent=7165"}],"wp:term":[{"taxonomy":"category","embeddable":true,"href":"https:\/\/acontecenafronteira.com.br\/index.php\/wp-json\/wp\/v2\/categories?post=7165"},{"taxonomy":"post_tag","embeddable":true,"href":"https:\/\/acontecenafronteira.com.br\/index.php\/wp-json\/wp\/v2\/tags?post=7165"}],"curies":[{"name":"wp","href":"https:\/\/api.w.org\/{rel}","templated":true}]}}