{"id":7156,"date":"2022-03-16T16:45:15","date_gmt":"2022-03-16T19:45:15","guid":{"rendered":"https:\/\/acontecenafronteira.com.br\/?p=7156"},"modified":"2022-03-16T16:45:16","modified_gmt":"2022-03-16T19:45:16","slug":"prefeitura-de-foz-abre-novo-processo-seletivo-para-estagiarios","status":"publish","type":"post","link":"https:\/\/acontecenafronteira.com.br\/index.php\/2022\/03\/16\/prefeitura-de-foz-abre-novo-processo-seletivo-para-estagiarios\/","title":{"rendered":"Prefeitura de Foz abre novo processo seletivo para estagi\u00e1rios"},"content":{"rendered":"\n<p>Inscri\u00e7\u00f5es come\u00e7am na pr\u00f3xima quarta-feira (23) exclusivamente pelo site da prefeitura; podem participar estudantes do Magist\u00e9rio e de doze cursos do Ensino Superior<\/p>\n\n\n\n<p>A Prefeitura de Foz do Igua\u00e7u publicou nesta ter\u00e7a-feira (15) no Di\u00e1rio Oficial um novo edital de Processo Seletivo Simplificado para preenchimento de vagas e cadastro de reserva para est\u00e1gio remunerado em diversas \u00e1reas da Administra\u00e7\u00e3o P\u00fablica Municipal.&nbsp;<br><br>As inscri\u00e7\u00f5es come\u00e7am no dia 23 de mar\u00e7o e seguem at\u00e9 06 de abril exclusivamente pelo site da prefeitura:&nbsp;<a href=\"https:\/\/www5.pmfi.pr.gov.br\/\">https:\/\/www5.pmfi.pr.gov.br\/<\/a>.&nbsp;<br><br><strong>Quem pode participar?<\/strong><br><br>Podem participar do PSS estudantes com idade m\u00ednima de 16 anos, que estejam matriculados e frequentanto os cursos de Forma\u00e7\u00e3o de Docentes de Educa\u00e7\u00e3o Infantil e Ensino Fundamental Normal Modalidade Regular (Magist\u00e9rio) e de doze cursos do Ensino Superior, na modalidade presencial ou EAD, em institui\u00e7\u00f5es ou polos sediados em Foz do Igua\u00e7u.<br><br>As oportunidades de est\u00e1gio para o n\u00edvel superior s\u00e3o nas \u00e1reas de: Administra\u00e7\u00e3o; Ci\u00eancias Cont\u00e1veis; Direito; Educa\u00e7\u00e3o F\u00edsica Licenciatura; Engenharia Ambiental; Farm\u00e1cia; Gest\u00e3o P\u00fablica; Letras Licenciatura; M\u00eddias Digitais e Sociais; Pedagogia; Publicidade e Propaganda e Servi\u00e7o Social.&nbsp;<br><br>Para a classifica\u00e7\u00e3o dos estudantes ser\u00e1 utilizada a M\u00e9dia Aritm\u00e9tica Simples das notas apresentadas na inscri\u00e7\u00e3o, que dever\u00e1 ser igual ou superior a 50 pontos. A classifica\u00e7\u00e3o final ser\u00e1 divulgada no dia 9 de maio.<br><br><strong>Remunera\u00e7\u00e3o<\/strong><br><br>A carga hor\u00e1ria varia de 4 a 6 horas por dia (20 a 30 horas semanais), com remunera\u00e7\u00f5es que variam de R$ 560 (N\u00edvel M\u00e9dio) a R$ 760 (N\u00edvel Superior). O estagi\u00e1rio tamb\u00e9m recebe aux\u00edlio transporte no valor de R$ 170 por m\u00eas.&nbsp;<br><br><strong>Inscri\u00e7\u00f5es&nbsp;<\/strong><br><br>O candidato interessado \u00e0 vaga dever\u00e1 acessar o site da Prefeitura e clicar em \u201cConcursos\u201d para acessar o edital e a \u00e1rea de inscri\u00e7\u00f5es. Ap\u00f3s o preenchimento dos dados, ser\u00e1 necess\u00e1rio anexar os documentos em formato PDF, JPG ou JPEG.&nbsp;<br><br>S\u00e3o necess\u00e1rios para inscri\u00e7\u00e3o: C\u00f3pia simples e leg\u00edvel da Carteira de Identidade (RG), ou Carteira Nacional de Habilita\u00e7\u00e3o (CNH), se estrangeiro o Registro Nacional de Estrangeiro (RNE); Declara\u00e7\u00e3o de Matr\u00edcula; Boletim, hist\u00f3rico escolar ou declara\u00e7\u00e3o escolar contendo as notas das disciplinas cursadas no \u00faltimo bimestre\/trimestre\/semestre conclu\u00eddo ou ainda para as institui\u00e7\u00f5es que tenham s\u00e9ries anuais exige-se as notas do \u00faltimo ano conclu\u00eddo. O documento deve conter: carimbo, assinatura e\/ou c\u00f3digo de verifica\u00e7\u00e3o digital. Os candidatos inscritos como baixa renda dever\u00e3o comprovar a inscri\u00e7\u00e3o no Cadastro \u00danico (CadUnico).&nbsp;<br><br>O edital do processo seletivo est\u00e1 dispon\u00edvel no Di\u00e1rio Oficial: https:\/\/www5.pmfi.pr.gov.br\/pdf-5138&amp;diario.<\/p>\n","protected":false},"excerpt":{"rendered":"<p>Inscri\u00e7\u00f5es come\u00e7am na pr\u00f3xima quarta-feira (23) exclusivamente pelo site da prefeitura; podem participar estudantes do Magist\u00e9rio e de doze cursos do Ensino Superior A Prefeitura de Foz do Igua\u00e7u publicou nesta ter\u00e7a-feira (15) no Di\u00e1rio Oficial um novo edital de Processo Seletivo Simplificado para preenchimento de vagas e cadastro de reserva para est\u00e1gio remunerado em [&hellip;]<\/p>\n","protected":false},"author":2,"featured_media":7158,"comment_status":"open","ping_status":"open","sticky":false,"template":"","format":"standard","meta":{"om_disable_all_campaigns":false,"_monsterinsights_skip_tracking":false,"_monsterinsights_sitenote_active":false,"_monsterinsights_sitenote_note":"","_monsterinsights_sitenote_category":0,"footnotes":""},"categories":[4,15],"tags":[],"class_list":["post-7156","post","type-post","status-publish","format-standard","has-post-thumbnail","hentry","category-cidade","category-trabalho"],"_links":{"self":[{"href":"https:\/\/acontecenafronteira.com.br\/index.php\/wp-json\/wp\/v2\/posts\/7156","targetHints":{"allow":["GET"]}}],"collection":[{"href":"https:\/\/acontecenafronteira.com.br\/index.php\/wp-json\/wp\/v2\/posts"}],"about":[{"href":"https:\/\/acontecenafronteira.com.br\/index.php\/wp-json\/wp\/v2\/types\/post"}],"author":[{"embeddable":true,"href":"https:\/\/acontecenafronteira.com.br\/index.php\/wp-json\/wp\/v2\/users\/2"}],"replies":[{"embeddable":true,"href":"https:\/\/acontecenafronteira.com.br\/index.php\/wp-json\/wp\/v2\/comments?post=7156"}],"version-history":[{"count":1,"href":"https:\/\/acontecenafronteira.com.br\/index.php\/wp-json\/wp\/v2\/posts\/7156\/revisions"}],"predecessor-version":[{"id":7159,"href":"https:\/\/acontecenafronteira.com.br\/index.php\/wp-json\/wp\/v2\/posts\/7156\/revisions\/7159"}],"wp:featuredmedia":[{"embeddable":true,"href":"https:\/\/acontecenafronteira.com.br\/index.php\/wp-json\/wp\/v2\/media\/7158"}],"wp:attachment":[{"href":"https:\/\/acontecenafronteira.com.br\/index.php\/wp-json\/wp\/v2\/media?parent=7156"}],"wp:term":[{"taxonomy":"category","embeddable":true,"href":"https:\/\/acontecenafronteira.com.br\/index.php\/wp-json\/wp\/v2\/categories?post=7156"},{"taxonomy":"post_tag","embeddable":true,"href":"https:\/\/acontecenafronteira.com.br\/index.php\/wp-json\/wp\/v2\/tags?post=7156"}],"curies":[{"name":"wp","href":"https:\/\/api.w.org\/{rel}","templated":true}]}}