{"id":7129,"date":"2022-03-16T11:14:13","date_gmt":"2022-03-16T14:14:13","guid":{"rendered":"https:\/\/acontecenafronteira.com.br\/?p=7129"},"modified":"2022-03-16T11:14:14","modified_gmt":"2022-03-16T14:14:14","slug":"esquema-vacinal-da-janssen-preve-apenas-duas-doses","status":"publish","type":"post","link":"https:\/\/acontecenafronteira.com.br\/index.php\/2022\/03\/16\/esquema-vacinal-da-janssen-preve-apenas-duas-doses\/","title":{"rendered":"Esquema vacinal da Janssen prev\u00ea apenas duas doses"},"content":{"rendered":"\n<p>Somente pessoas imunossuprimidas receber\u00e3o uma terceira dose da vacina<\/p>\n\n\n\n<p><em>Foto: Christian Rizzi\/PMFI.<\/em><br><br>Em outubro do ano passado, o Minist\u00e9rio da Sa\u00fade autorizou a aplica\u00e7\u00e3o de uma dose de refor\u00e7o (segunda dose) para todos os brasileiros que receberam a vacina da Janssen (at\u00e9 ent\u00e3o considerada dose \u00fanica).&nbsp;<br><br>A orienta\u00e7\u00e3o foi baseada em estudos cient\u00edficos que mostram aumento significativo na imunidade ap\u00f3s a aplica\u00e7\u00e3o de mais uma dose da vacina. Portanto, o esquema vacinal da Janssen para a popula\u00e7\u00e3o em geral \u00e9 de somente duas doses (D1 + refor\u00e7o dois meses ap\u00f3s a primeira). Em Foz do Igua\u00e7u, 3.283 pessoas est\u00e3o com a segunda dose em atraso.&nbsp;<br><br>Somente pessoas imunossuprimidas que receberam as duas doses da Janssen ter\u00e3o direito a uma terceira dose, tamb\u00e9m chamada de dose adicional. Esta \u00e9 indicada quatro meses ap\u00f3s a segunda dose.&nbsp;<br><br>A vacina a ser utilizada para a dose adicional dever\u00e1 ser, preferencialmente, da Pfizer ou, de maneira alternativa, vacina de vetor viral (Janssen ou AstraZeneca).<br><br>S\u00e3o consideradas pessoas com alto grau de imunossupress\u00e3o:<\/p>\n\n\n\n<p>I &#8211; Imunodefici\u00eancia prim\u00e1ria grave.<\/p>\n\n\n\n<p>II &#8211; Quimioterapia para c\u00e2ncer.<\/p>\n\n\n\n<p>III &#8211; Transplantados de \u00f3rg\u00e3o s\u00f3lido ou de c\u00e9lulas tronco hematopoi\u00e9ticas (TCTH) em uso de drogas imunossupressoras.<\/p>\n\n\n\n<p>IV &#8211; Pessoas vivendo com HIV\/Aids com CD4 &lt; 200 cels\/mm3.<\/p>\n\n\n\n<p>V &#8211; Uso de cortic\u00f3ides em doses \u226520 mg\/dia de prednisona, ou equivalente, por \u226514 dias.<\/p>\n\n\n\n<p>VI &#8211; Uso de drogas modificadoras da resposta imune.<\/p>\n","protected":false},"excerpt":{"rendered":"<p>Somente pessoas imunossuprimidas receber\u00e3o uma terceira dose da vacina Foto: Christian Rizzi\/PMFI. Em outubro do ano passado, o Minist\u00e9rio da Sa\u00fade autorizou a aplica\u00e7\u00e3o de uma dose de refor\u00e7o (segunda dose) para todos os brasileiros que receberam a vacina da Janssen (at\u00e9 ent\u00e3o considerada dose \u00fanica).&nbsp; A orienta\u00e7\u00e3o foi baseada em estudos cient\u00edficos que mostram [&hellip;]<\/p>\n","protected":false},"author":2,"featured_media":7131,"comment_status":"open","ping_status":"open","sticky":false,"template":"","format":"standard","meta":{"om_disable_all_campaigns":false,"_monsterinsights_skip_tracking":false,"_monsterinsights_sitenote_active":false,"_monsterinsights_sitenote_note":"","_monsterinsights_sitenote_category":0,"footnotes":""},"categories":[4,7],"tags":[],"class_list":["post-7129","post","type-post","status-publish","format-standard","has-post-thumbnail","hentry","category-cidade","category-covid-19"],"_links":{"self":[{"href":"https:\/\/acontecenafronteira.com.br\/index.php\/wp-json\/wp\/v2\/posts\/7129","targetHints":{"allow":["GET"]}}],"collection":[{"href":"https:\/\/acontecenafronteira.com.br\/index.php\/wp-json\/wp\/v2\/posts"}],"about":[{"href":"https:\/\/acontecenafronteira.com.br\/index.php\/wp-json\/wp\/v2\/types\/post"}],"author":[{"embeddable":true,"href":"https:\/\/acontecenafronteira.com.br\/index.php\/wp-json\/wp\/v2\/users\/2"}],"replies":[{"embeddable":true,"href":"https:\/\/acontecenafronteira.com.br\/index.php\/wp-json\/wp\/v2\/comments?post=7129"}],"version-history":[{"count":1,"href":"https:\/\/acontecenafronteira.com.br\/index.php\/wp-json\/wp\/v2\/posts\/7129\/revisions"}],"predecessor-version":[{"id":7132,"href":"https:\/\/acontecenafronteira.com.br\/index.php\/wp-json\/wp\/v2\/posts\/7129\/revisions\/7132"}],"wp:featuredmedia":[{"embeddable":true,"href":"https:\/\/acontecenafronteira.com.br\/index.php\/wp-json\/wp\/v2\/media\/7131"}],"wp:attachment":[{"href":"https:\/\/acontecenafronteira.com.br\/index.php\/wp-json\/wp\/v2\/media?parent=7129"}],"wp:term":[{"taxonomy":"category","embeddable":true,"href":"https:\/\/acontecenafronteira.com.br\/index.php\/wp-json\/wp\/v2\/categories?post=7129"},{"taxonomy":"post_tag","embeddable":true,"href":"https:\/\/acontecenafronteira.com.br\/index.php\/wp-json\/wp\/v2\/tags?post=7129"}],"curies":[{"name":"wp","href":"https:\/\/api.w.org\/{rel}","templated":true}]}}