{"id":7059,"date":"2022-03-14T20:54:17","date_gmt":"2022-03-14T23:54:17","guid":{"rendered":"https:\/\/acontecenafronteira.com.br\/?p=7059"},"modified":"2022-03-14T20:54:18","modified_gmt":"2022-03-14T23:54:18","slug":"transporte-coletivo-de-foz-segue-com-tarifa-livre-neste-terca-feira-15","status":"publish","type":"post","link":"https:\/\/acontecenafronteira.com.br\/index.php\/2022\/03\/14\/transporte-coletivo-de-foz-segue-com-tarifa-livre-neste-terca-feira-15\/","title":{"rendered":"Transporte coletivo de Foz segue com tarifa livre neste ter\u00e7a-feira (15)"},"content":{"rendered":"\n<p><em>O novo sistema de transporte de Foz do Igua\u00e7u, operado pela Via\u00e7\u00e3o Santa Clara, ter\u00e1 tarifa livre nesta ter\u00e7a-feira (15).<\/em><\/p>\n\n\n\n<p>A Prefeitura Municipal e o Instituto de Transportes e Tr\u00e2nsito de Foz do Igua\u00e7u &#8211; Foztrans optaram por manter as catracas livres no segundo dia \u00fatil de implementa\u00e7\u00e3o do sistema para facilitar a rotina dos usu\u00e1rios neste per\u00edodo de transi\u00e7\u00e3o e at\u00e9 que seja instalado o novo sistema de bilhetagem.<\/p>\n\n\n\n<p>A opera\u00e7\u00e3o dos pr\u00f3ximos dias est\u00e1 em tratativas entre o Foztrans e a Via\u00e7\u00e3o Santa Clara.<\/p>\n\n\n\n<p>Itiner\u00e1rios<\/p>\n\n\n\n<p>As linhas e hor\u00e1rios podem ser consultados pelo link: https:\/\/foztrans.pmfi.pr.gov.br\/publicacao-468#. Gradativamente, o Foztrans far\u00e1 a implementa\u00e7\u00e3o de melhorias para os usu\u00e1rios.<\/p>\n","protected":false},"excerpt":{"rendered":"<p>O novo sistema de transporte de Foz do Igua\u00e7u, operado pela Via\u00e7\u00e3o Santa Clara, ter\u00e1 tarifa livre nesta ter\u00e7a-feira (15). A Prefeitura Municipal e o Instituto de Transportes e Tr\u00e2nsito de Foz do Igua\u00e7u &#8211; Foztrans optaram por manter as catracas livres no segundo dia \u00fatil de implementa\u00e7\u00e3o do sistema para facilitar a rotina dos [&hellip;]<\/p>\n","protected":false},"author":2,"featured_media":7060,"comment_status":"open","ping_status":"open","sticky":false,"template":"","format":"standard","meta":{"om_disable_all_campaigns":false,"_monsterinsights_skip_tracking":false,"_monsterinsights_sitenote_active":false,"_monsterinsights_sitenote_note":"","_monsterinsights_sitenote_category":0,"footnotes":""},"categories":[4],"tags":[],"class_list":["post-7059","post","type-post","status-publish","format-standard","has-post-thumbnail","hentry","category-cidade"],"_links":{"self":[{"href":"https:\/\/acontecenafronteira.com.br\/index.php\/wp-json\/wp\/v2\/posts\/7059","targetHints":{"allow":["GET"]}}],"collection":[{"href":"https:\/\/acontecenafronteira.com.br\/index.php\/wp-json\/wp\/v2\/posts"}],"about":[{"href":"https:\/\/acontecenafronteira.com.br\/index.php\/wp-json\/wp\/v2\/types\/post"}],"author":[{"embeddable":true,"href":"https:\/\/acontecenafronteira.com.br\/index.php\/wp-json\/wp\/v2\/users\/2"}],"replies":[{"embeddable":true,"href":"https:\/\/acontecenafronteira.com.br\/index.php\/wp-json\/wp\/v2\/comments?post=7059"}],"version-history":[{"count":1,"href":"https:\/\/acontecenafronteira.com.br\/index.php\/wp-json\/wp\/v2\/posts\/7059\/revisions"}],"predecessor-version":[{"id":7061,"href":"https:\/\/acontecenafronteira.com.br\/index.php\/wp-json\/wp\/v2\/posts\/7059\/revisions\/7061"}],"wp:featuredmedia":[{"embeddable":true,"href":"https:\/\/acontecenafronteira.com.br\/index.php\/wp-json\/wp\/v2\/media\/7060"}],"wp:attachment":[{"href":"https:\/\/acontecenafronteira.com.br\/index.php\/wp-json\/wp\/v2\/media?parent=7059"}],"wp:term":[{"taxonomy":"category","embeddable":true,"href":"https:\/\/acontecenafronteira.com.br\/index.php\/wp-json\/wp\/v2\/categories?post=7059"},{"taxonomy":"post_tag","embeddable":true,"href":"https:\/\/acontecenafronteira.com.br\/index.php\/wp-json\/wp\/v2\/tags?post=7059"}],"curies":[{"name":"wp","href":"https:\/\/api.w.org\/{rel}","templated":true}]}}