{"id":7011,"date":"2022-03-14T12:07:33","date_gmt":"2022-03-14T15:07:33","guid":{"rendered":"https:\/\/acontecenafronteira.com.br\/?p=7011"},"modified":"2022-03-14T12:07:34","modified_gmt":"2022-03-14T15:07:34","slug":"tarifa-do-transporte-coletivo-em-foz-nao-sera-cobrada-nesta-segunda-feira-14","status":"publish","type":"post","link":"https:\/\/acontecenafronteira.com.br\/index.php\/2022\/03\/14\/tarifa-do-transporte-coletivo-em-foz-nao-sera-cobrada-nesta-segunda-feira-14\/","title":{"rendered":"Tarifa do transporte coletivo em Foz n\u00e3o ser\u00e1 cobrada nesta segunda-feira (14)"},"content":{"rendered":"\n<p>Objetivo \u00e9 evitar transtornos aos usu\u00e1rios neste momento de transi\u00e7\u00e3o da empresa que opera o sistema<\/p>\n\n\n\n<p>A Prefeitura Municipal e o Instituto de Transportes e Tr\u00e2nsito de Foz do Igua\u00e7u &#8211; Foztrans liberaram as catracas dos \u00f4nibus nesta segunda-feira (14), o que significa que a tarifa n\u00e3o ser\u00e1 cobrada dos usu\u00e1rios.&nbsp;<br><br>O objetivo \u00e9 evitar transtornos \u00e0 popula\u00e7\u00e3o no primeiro dia \u00fatil de opera\u00e7\u00e3o da nova empresa que opera o sistema de transporte coletivo urbano, a Via\u00e7\u00e3o Santa Clara. Ainda est\u00e1 em implementa\u00e7\u00e3o a bilhetagem dos \u00f4nibus, que depende da entrega de parte do sistema antigo por parte do Cons\u00f3rcio Sorriso, n\u00e3o realizada at\u00e9 este domingo (13).&nbsp;<br><br><strong>Itiner\u00e1rios<br><br><\/strong>Neste primeiro momento, os \u00f4nibus far\u00e3o os mesmos hor\u00e1rios e itiner\u00e1rios que j\u00e1 vinham sendo feitos at\u00e9 a semana passada. Gradativamente, o Foztrans far\u00e1 a implementa\u00e7\u00e3o de melhorias para os usu\u00e1rios. As linhas e hor\u00e1rios podem ser consultados pelo link: https:\/\/foztrans.pmfi.pr.gov.br\/publicacao-468#.<br><br><strong>Integra\u00e7\u00e3o<\/strong><br><br>At\u00e9 que a implementa\u00e7\u00e3o do sistema de bilhetagem seja conclu\u00edda, fica garantida aos usu\u00e1rios a integra\u00e7\u00e3o f\u00edsica entre as linhas de \u00f4nibus no Terminal de Transporte Urbano &#8211; TTU.<\/p>\n","protected":false},"excerpt":{"rendered":"<p>Objetivo \u00e9 evitar transtornos aos usu\u00e1rios neste momento de transi\u00e7\u00e3o da empresa que opera o sistema A Prefeitura Municipal e o Instituto de Transportes e Tr\u00e2nsito de Foz do Igua\u00e7u &#8211; Foztrans liberaram as catracas dos \u00f4nibus nesta segunda-feira (14), o que significa que a tarifa n\u00e3o ser\u00e1 cobrada dos usu\u00e1rios.&nbsp; O objetivo \u00e9 evitar [&hellip;]<\/p>\n","protected":false},"author":2,"featured_media":7013,"comment_status":"open","ping_status":"open","sticky":false,"template":"","format":"standard","meta":{"om_disable_all_campaigns":false,"_monsterinsights_skip_tracking":false,"_monsterinsights_sitenote_active":false,"_monsterinsights_sitenote_note":"","_monsterinsights_sitenote_category":0,"footnotes":""},"categories":[4],"tags":[],"class_list":["post-7011","post","type-post","status-publish","format-standard","has-post-thumbnail","hentry","category-cidade"],"_links":{"self":[{"href":"https:\/\/acontecenafronteira.com.br\/index.php\/wp-json\/wp\/v2\/posts\/7011","targetHints":{"allow":["GET"]}}],"collection":[{"href":"https:\/\/acontecenafronteira.com.br\/index.php\/wp-json\/wp\/v2\/posts"}],"about":[{"href":"https:\/\/acontecenafronteira.com.br\/index.php\/wp-json\/wp\/v2\/types\/post"}],"author":[{"embeddable":true,"href":"https:\/\/acontecenafronteira.com.br\/index.php\/wp-json\/wp\/v2\/users\/2"}],"replies":[{"embeddable":true,"href":"https:\/\/acontecenafronteira.com.br\/index.php\/wp-json\/wp\/v2\/comments?post=7011"}],"version-history":[{"count":1,"href":"https:\/\/acontecenafronteira.com.br\/index.php\/wp-json\/wp\/v2\/posts\/7011\/revisions"}],"predecessor-version":[{"id":7014,"href":"https:\/\/acontecenafronteira.com.br\/index.php\/wp-json\/wp\/v2\/posts\/7011\/revisions\/7014"}],"wp:featuredmedia":[{"embeddable":true,"href":"https:\/\/acontecenafronteira.com.br\/index.php\/wp-json\/wp\/v2\/media\/7013"}],"wp:attachment":[{"href":"https:\/\/acontecenafronteira.com.br\/index.php\/wp-json\/wp\/v2\/media?parent=7011"}],"wp:term":[{"taxonomy":"category","embeddable":true,"href":"https:\/\/acontecenafronteira.com.br\/index.php\/wp-json\/wp\/v2\/categories?post=7011"},{"taxonomy":"post_tag","embeddable":true,"href":"https:\/\/acontecenafronteira.com.br\/index.php\/wp-json\/wp\/v2\/tags?post=7011"}],"curies":[{"name":"wp","href":"https:\/\/api.w.org\/{rel}","templated":true}]}}