{"id":6982,"date":"2022-03-13T19:42:44","date_gmt":"2022-03-13T22:42:44","guid":{"rendered":"https:\/\/acontecenafronteira.com.br\/?p=6982"},"modified":"2022-03-13T19:43:43","modified_gmt":"2022-03-13T22:43:43","slug":"foz-registra-16-novos-casos-de-coronavirus-em-24-horas","status":"publish","type":"post","link":"https:\/\/acontecenafronteira.com.br\/index.php\/2022\/03\/13\/foz-registra-16-novos-casos-de-coronavirus-em-24-horas\/","title":{"rendered":"Foz registra 16 novos casos de Coronav\u00edrus em 24 horas"},"content":{"rendered":"\n<p>Boletim 13\/03\/2022: Foz registra 16 novos casos de Coronav\u00edrus em 24 horas<\/p>\n\n\n\n<p>A Vigil\u00e2ncia Epidemiol\u00f3gica de Foz do Igua\u00e7u confirma na data de hoje, 13\/03\/2022, 16 casos de covid-19. No total, s\u00e3o 73.787 casos da doen\u00e7a no munic\u00edpio desde o in\u00edcio da pandemia. Destes, 72.326 pessoas j\u00e1 est\u00e3o recuperadas.<\/p>\n\n\n\n<p>Dos 16 novos casos, 09 s\u00e3o mulheres e 07 homens, com idades entre 01 e 76 anos. Todos est\u00e3o em isolamento domiciliar.<\/p>\n\n\n\n<p>Do total de casos ativos, 177 pessoas est\u00e3o em isolamento domiciliar, com sinais e sintomas leves, e 39 est\u00e3o internadas.<\/p>\n\n\n\n<p>\u00d3bitos<\/p>\n\n\n\n<p>Foz do Igua\u00e7u registrou 1 \u00f3bito em consequ\u00eancia da covid-19 nas \u00faltimas 24 horas. A v\u00edtima \u00e9 1 homem de 83 anos. No total, s\u00e3o 1.245 mortes pela doen\u00e7a no munic\u00edpio desde o in\u00edcio da pandemia.<\/p>\n\n\n\n<div data-wp-interactive=\"core\/file\" class=\"wp-block-file\"><object data-wp-bind--hidden=\"!state.hasPdfPreview\" hidden class=\"wp-block-file__embed\" data=\"https:\/\/acontecenafronteira.com.br\/wp-content\/uploads\/2022\/03\/Painel_Coronavirus_-_Foz_do_Iguacu_13-MAR-2022.pdf\" type=\"application\/pdf\" style=\"width:100%;height:600px\" aria-label=\"Incorpora\u00e7\u00e3o de Incorporado de Painel_Coronavirus_-_Foz_do_Iguacu_13-MAR-2022..\"><\/object><a id=\"wp-block-file--media-858d1469-8727-4862-afc9-183fb8fc4d4d\" href=\"https:\/\/acontecenafronteira.com.br\/wp-content\/uploads\/2022\/03\/Painel_Coronavirus_-_Foz_do_Iguacu_13-MAR-2022.pdf\">Painel_Coronavirus_-_Foz_do_Iguacu_13-MAR-2022<\/a><a href=\"https:\/\/acontecenafronteira.com.br\/wp-content\/uploads\/2022\/03\/Painel_Coronavirus_-_Foz_do_Iguacu_13-MAR-2022.pdf\" class=\"wp-block-file__button\" download aria-describedby=\"wp-block-file--media-858d1469-8727-4862-afc9-183fb8fc4d4d\">Baixar<\/a><\/div>\n","protected":false},"excerpt":{"rendered":"<p>Boletim 13\/03\/2022: Foz registra 16 novos casos de Coronav\u00edrus em 24 horas A Vigil\u00e2ncia Epidemiol\u00f3gica de Foz do Igua\u00e7u confirma na data de hoje, 13\/03\/2022, 16 casos de covid-19. No total, s\u00e3o 73.787 casos da doen\u00e7a no munic\u00edpio desde o in\u00edcio da pandemia. Destes, 72.326 pessoas j\u00e1 est\u00e3o recuperadas. Dos 16 novos casos, 09 s\u00e3o [&hellip;]<\/p>\n","protected":false},"author":2,"featured_media":37,"comment_status":"open","ping_status":"open","sticky":false,"template":"","format":"standard","meta":{"om_disable_all_campaigns":false,"_monsterinsights_skip_tracking":false,"_monsterinsights_sitenote_active":false,"_monsterinsights_sitenote_note":"","_monsterinsights_sitenote_category":0,"footnotes":""},"categories":[4,7],"tags":[],"class_list":["post-6982","post","type-post","status-publish","format-standard","has-post-thumbnail","hentry","category-cidade","category-covid-19"],"_links":{"self":[{"href":"https:\/\/acontecenafronteira.com.br\/index.php\/wp-json\/wp\/v2\/posts\/6982","targetHints":{"allow":["GET"]}}],"collection":[{"href":"https:\/\/acontecenafronteira.com.br\/index.php\/wp-json\/wp\/v2\/posts"}],"about":[{"href":"https:\/\/acontecenafronteira.com.br\/index.php\/wp-json\/wp\/v2\/types\/post"}],"author":[{"embeddable":true,"href":"https:\/\/acontecenafronteira.com.br\/index.php\/wp-json\/wp\/v2\/users\/2"}],"replies":[{"embeddable":true,"href":"https:\/\/acontecenafronteira.com.br\/index.php\/wp-json\/wp\/v2\/comments?post=6982"}],"version-history":[{"count":2,"href":"https:\/\/acontecenafronteira.com.br\/index.php\/wp-json\/wp\/v2\/posts\/6982\/revisions"}],"predecessor-version":[{"id":6985,"href":"https:\/\/acontecenafronteira.com.br\/index.php\/wp-json\/wp\/v2\/posts\/6982\/revisions\/6985"}],"wp:featuredmedia":[{"embeddable":true,"href":"https:\/\/acontecenafronteira.com.br\/index.php\/wp-json\/wp\/v2\/media\/37"}],"wp:attachment":[{"href":"https:\/\/acontecenafronteira.com.br\/index.php\/wp-json\/wp\/v2\/media?parent=6982"}],"wp:term":[{"taxonomy":"category","embeddable":true,"href":"https:\/\/acontecenafronteira.com.br\/index.php\/wp-json\/wp\/v2\/categories?post=6982"},{"taxonomy":"post_tag","embeddable":true,"href":"https:\/\/acontecenafronteira.com.br\/index.php\/wp-json\/wp\/v2\/tags?post=6982"}],"curies":[{"name":"wp","href":"https:\/\/api.w.org\/{rel}","templated":true}]}}