{"id":6957,"date":"2022-03-13T12:10:08","date_gmt":"2022-03-13T15:10:08","guid":{"rendered":"https:\/\/acontecenafronteira.com.br\/?p=6957"},"modified":"2022-03-13T12:10:08","modified_gmt":"2022-03-13T15:10:08","slug":"novo-sistema-de-transporte-coletivo-de-foz-do-iguacu-entra-em-operacao-neste-domingo-13","status":"publish","type":"post","link":"https:\/\/acontecenafronteira.com.br\/index.php\/2022\/03\/13\/novo-sistema-de-transporte-coletivo-de-foz-do-iguacu-entra-em-operacao-neste-domingo-13\/","title":{"rendered":"Novo sistema de transporte coletivo de Foz do Igua\u00e7u entra em opera\u00e7\u00e3o neste domingo (13)"},"content":{"rendered":"\n<p><\/p>\n\n\n\n<p><em>\u00d4nibus da Via\u00e7\u00e3o Santa Clara j\u00e1 est\u00e3o circulando pela cidade; hor\u00e1rios e itiner\u00e1rios ser\u00e3o mantidos neste primeiro momento<\/em><\/p>\n\n\n\n<p>Os \u00f4nibus da Via\u00e7\u00e3o Santa Clara, que vai operar o transporte coletivo urbano em Foz do Igua\u00e7u, come\u00e7aram a circular pela cidade neste domingo (13). Nos primeiros dias de implementa\u00e7\u00e3o do novo sistema, os hor\u00e1rios e rotas dos ve\u00edculos seguem os mesmos e, gradativamente, o Instituto de Transportes e Tr\u00e2nsito de Foz do Igua\u00e7u &#8211; Foztrans ir\u00e1 implementar melhorias para os usu\u00e1rios.<\/p>\n\n\n\n<p>A tarifa do transporte coletivo tamb\u00e9m foi mantida pela Prefeitura de Foz do Igua\u00e7u em R$ 4,10. Mas, at\u00e9 que seja instalado o novo sistema de bilhetagem eletr\u00f4nica, o Foztrans faz um alerta: os usu\u00e1rios precisar\u00e3o nestes primeiros dias fazer o pagamento da passagem em dinheiro.<\/p>\n\n\n\n<p>\u201c\u00c9 um per\u00edodo de transi\u00e7\u00e3o e que teremos que enfrentar algumas dificuldades, como este pagamento inicial da passagem em dinheiro. Mas ser\u00e1 algo que a empresa dever\u00e1 resolver rapidamente para voltarmos \u00e0 normalidade. Pedimos a compreens\u00e3o dos usu\u00e1rios neste primeiro momento\u201d, ressaltou o diretor presidente do Foztrans, Lic\u00e9rio Santos.<\/p>\n\n\n\n<p><em>Integra\u00e7\u00e3o<\/em><\/p>\n\n\n\n<p>At\u00e9 que a implementa\u00e7\u00e3o do sistema de bilhetagem, fica garantida aos usu\u00e1rios a integra\u00e7\u00e3o f\u00edsica entre as linhas de \u00f4nibus no Terminal de Transporte Urbano &#8211; TTU. \u201cAssim que for conclu\u00eddo o novo sistema, al\u00e9m de retornar a integra\u00e7\u00e3o em todas as linhas, ainda ser\u00e1 estendido o tempo de 1h para 1h30, porque muitos usu\u00e1rios reclamavam que o per\u00edodo era insuficiente\u201d, explicou Lic\u00e9rio.<\/p>\n\n\n\n<p><em>Estudantes<\/em><\/p>\n\n\n\n<p>Os estudantes que possuem direito \u00e0 meia entrada da passagem continuar\u00e3o usufruindo do direito. Para isso, dever\u00e3o apresentar a carteirinha de estudante ou o cart\u00e3o \u00danico como identifica\u00e7\u00e3o.<\/p>\n\n\n\n<p><em>Isen\u00e7\u00e3o<\/em><\/p>\n\n\n\n<p>Idosos, pessoas que possuem necessidades especiais e demais usu\u00e1rios que possuem isen\u00e7\u00e3o da passagem do transporte tamb\u00e9m ter\u00e3o os direitos garantidos. Para isso, dever\u00e3o apresentar o cart\u00e3o \u00danico como documento de identifica\u00e7\u00e3o no momento do embarque.<\/p>\n\n\n\n<p><em>156 Foz<\/em><\/p>\n\n\n\n<p>Os usu\u00e1rios do transporte coletivo podem fazer solicita\u00e7\u00f5es e pedir esclarecimentos em rela\u00e7\u00e3o a melhorias no transporte coletivo por meio do aplicativo 156 Foz. \u201cO usu\u00e1rio \u00e9 quem sabe o que acontece no dia a dia, ent\u00e3o essas informa\u00e7\u00f5es que vem dele s\u00e3o muito importantes para que possamos implementar as melhorias no sistema\u201d, complementou o diretor superintendente do Foztrans.<\/p>\n\n\n\n<figure class=\"wp-block-gallery has-nested-images columns-default is-cropped wp-block-gallery-1 is-layout-flex wp-block-gallery-is-layout-flex\">\n<figure class=\"wp-block-image size-large\"><img loading=\"lazy\" decoding=\"async\" width=\"1024\" height=\"765\" data-id=\"6958\" src=\"https:\/\/acontecenafronteira.com.br\/wp-content\/uploads\/2022\/03\/IMG-20220313-WA0101-1024x765.jpg?v=1647184175\" alt=\"\" class=\"wp-image-6958\" srcset=\"https:\/\/acontecenafronteira.com.br\/wp-content\/uploads\/2022\/03\/IMG-20220313-WA0101-1024x765.jpg?v=1647184175 1024w, https:\/\/acontecenafronteira.com.br\/wp-content\/uploads\/2022\/03\/IMG-20220313-WA0101-300x224.jpg?v=1647184175 300w, https:\/\/acontecenafronteira.com.br\/wp-content\/uploads\/2022\/03\/IMG-20220313-WA0101-768x574.jpg?v=1647184175 768w, https:\/\/acontecenafronteira.com.br\/wp-content\/uploads\/2022\/03\/IMG-20220313-WA0101-1536x1148.jpg?v=1647184175 1536w, https:\/\/acontecenafronteira.com.br\/wp-content\/uploads\/2022\/03\/IMG-20220313-WA0101.jpg?v=1647184175 1600w\" sizes=\"auto, (max-width: 1024px) 100vw, 1024px\" \/><\/figure>\n\n\n\n<figure class=\"wp-block-image size-large\"><img loading=\"lazy\" decoding=\"async\" width=\"1024\" height=\"765\" data-id=\"6959\" src=\"https:\/\/acontecenafronteira.com.br\/wp-content\/uploads\/2022\/03\/IMG-20220313-WA0100-1024x765.jpg?v=1647184175\" alt=\"\" class=\"wp-image-6959\" srcset=\"https:\/\/acontecenafronteira.com.br\/wp-content\/uploads\/2022\/03\/IMG-20220313-WA0100-1024x765.jpg?v=1647184175 1024w, https:\/\/acontecenafronteira.com.br\/wp-content\/uploads\/2022\/03\/IMG-20220313-WA0100-300x224.jpg?v=1647184175 300w, https:\/\/acontecenafronteira.com.br\/wp-content\/uploads\/2022\/03\/IMG-20220313-WA0100-768x574.jpg?v=1647184175 768w, https:\/\/acontecenafronteira.com.br\/wp-content\/uploads\/2022\/03\/IMG-20220313-WA0100-1536x1148.jpg?v=1647184175 1536w, https:\/\/acontecenafronteira.com.br\/wp-content\/uploads\/2022\/03\/IMG-20220313-WA0100.jpg?v=1647184175 1600w\" sizes=\"auto, (max-width: 1024px) 100vw, 1024px\" \/><\/figure>\n<\/figure>\n","protected":false},"excerpt":{"rendered":"<p>\u00d4nibus da Via\u00e7\u00e3o Santa Clara j\u00e1 est\u00e3o circulando pela cidade; hor\u00e1rios e itiner\u00e1rios ser\u00e3o mantidos neste primeiro momento Os \u00f4nibus da Via\u00e7\u00e3o Santa Clara, que vai operar o transporte coletivo urbano em Foz do Igua\u00e7u, come\u00e7aram a circular pela cidade neste domingo (13). Nos primeiros dias de implementa\u00e7\u00e3o do novo sistema, os hor\u00e1rios e rotas [&hellip;]<\/p>\n","protected":false},"author":2,"featured_media":6958,"comment_status":"open","ping_status":"open","sticky":false,"template":"","format":"standard","meta":{"om_disable_all_campaigns":false,"_monsterinsights_skip_tracking":false,"_monsterinsights_sitenote_active":false,"_monsterinsights_sitenote_note":"","_monsterinsights_sitenote_category":0,"footnotes":""},"categories":[4,17],"tags":[],"class_list":["post-6957","post","type-post","status-publish","format-standard","has-post-thumbnail","hentry","category-cidade","category-transito"],"_links":{"self":[{"href":"https:\/\/acontecenafronteira.com.br\/index.php\/wp-json\/wp\/v2\/posts\/6957","targetHints":{"allow":["GET"]}}],"collection":[{"href":"https:\/\/acontecenafronteira.com.br\/index.php\/wp-json\/wp\/v2\/posts"}],"about":[{"href":"https:\/\/acontecenafronteira.com.br\/index.php\/wp-json\/wp\/v2\/types\/post"}],"author":[{"embeddable":true,"href":"https:\/\/acontecenafronteira.com.br\/index.php\/wp-json\/wp\/v2\/users\/2"}],"replies":[{"embeddable":true,"href":"https:\/\/acontecenafronteira.com.br\/index.php\/wp-json\/wp\/v2\/comments?post=6957"}],"version-history":[{"count":1,"href":"https:\/\/acontecenafronteira.com.br\/index.php\/wp-json\/wp\/v2\/posts\/6957\/revisions"}],"predecessor-version":[{"id":6960,"href":"https:\/\/acontecenafronteira.com.br\/index.php\/wp-json\/wp\/v2\/posts\/6957\/revisions\/6960"}],"wp:featuredmedia":[{"embeddable":true,"href":"https:\/\/acontecenafronteira.com.br\/index.php\/wp-json\/wp\/v2\/media\/6958"}],"wp:attachment":[{"href":"https:\/\/acontecenafronteira.com.br\/index.php\/wp-json\/wp\/v2\/media?parent=6957"}],"wp:term":[{"taxonomy":"category","embeddable":true,"href":"https:\/\/acontecenafronteira.com.br\/index.php\/wp-json\/wp\/v2\/categories?post=6957"},{"taxonomy":"post_tag","embeddable":true,"href":"https:\/\/acontecenafronteira.com.br\/index.php\/wp-json\/wp\/v2\/tags?post=6957"}],"curies":[{"name":"wp","href":"https:\/\/api.w.org\/{rel}","templated":true}]}}