{"id":6936,"date":"2022-03-11T09:29:24","date_gmt":"2022-03-11T12:29:24","guid":{"rendered":"https:\/\/acontecenafronteira.com.br\/?p=6936"},"modified":"2022-03-11T09:29:26","modified_gmt":"2022-03-11T12:29:26","slug":"alok-deixa-escapar-possivel-participacao-na-fespop-ao-divulgar-agenda-de-shows","status":"publish","type":"post","link":"https:\/\/acontecenafronteira.com.br\/index.php\/2022\/03\/11\/alok-deixa-escapar-possivel-participacao-na-fespop-ao-divulgar-agenda-de-shows\/","title":{"rendered":"Alok deixa escapar poss\u00edvel participa\u00e7\u00e3o na Fespop ao divulgar agenda de shows"},"content":{"rendered":"\n<p>O DJ Alok divulgou nesta semana em seu pr\u00f3prio perfil no Facebook que se apresentar\u00e1 em Santa Terezinha de Itaipu no dia 6 de maio deste ano, uma sexta-feira. A postagem fez parte da agenda de shows que o artista costuma divulgar aos f\u00e3s.<\/p>\n\n\n\n<p>O m\u00eas de maio tradicionalmente \u00e9 o de realiza\u00e7\u00e3o da Fespop, e que por conta da pandemia de coronav\u00edrus, n\u00e3o foi realizada nos anos de 2020 e 2021.<\/p>\n\n\n\n<figure class=\"wp-block-image is-style-default\"><a href=\"https:\/\/i0.wp.com\/portalcostaoeste.com.br\/wp-content\/uploads\/2022\/03\/565E962F-A9E9-440E-B4AF-D5ABD8822D72.jpeg\"><img decoding=\"async\" src=\"https:\/\/i0.wp.com\/portalcostaoeste.com.br\/wp-content\/uploads\/2022\/03\/565E962F-A9E9-440E-B4AF-D5ABD8822D72.jpeg?resize=558%2C296\" alt=\"Alok deixa escapar poss\u00edvel participa\u00e7\u00e3o na Fespop ao divulgar agenda de shows\" class=\"wp-image-64408\" title=\"\"\/><\/a><\/figure>\n\n\n\n<p>A Prefeitura de Santa Terezinha de Itaipu, organizadora do evento, ainda n\u00e3o divulgou detalhes e nem confirmou se o principal festival de m\u00fasica da cidade ser\u00e1 retomado, ap\u00f3s a \u00faltima edi\u00e7\u00e3o em 2019.<\/p>\n\n\n\n<p>Caso seja confirmada, ser\u00e1 a terceira participa\u00e7\u00e3o de um dos principais DJs do mundo na Fespop. Ele esteve presente nas edi\u00e7\u00f5es de 2018 e 2019.<\/p>\n\n\n\n<p>Fonte: Portal da Cidade \u2013 Bruno Zanette<br>(Foto: Reprodu\u00e7\u00e3o\/Instagram)<\/p>\n","protected":false},"excerpt":{"rendered":"<p>O DJ Alok divulgou nesta semana em seu pr\u00f3prio perfil no Facebook que se apresentar\u00e1 em Santa Terezinha de Itaipu no dia 6 de maio deste ano, uma sexta-feira. A postagem fez parte da agenda de shows que o artista costuma divulgar aos f\u00e3s. O m\u00eas de maio tradicionalmente \u00e9 o de realiza\u00e7\u00e3o da Fespop, [&hellip;]<\/p>\n","protected":false},"author":2,"featured_media":6937,"comment_status":"open","ping_status":"open","sticky":false,"template":"","format":"standard","meta":{"om_disable_all_campaigns":false,"_monsterinsights_skip_tracking":false,"_monsterinsights_sitenote_active":false,"_monsterinsights_sitenote_note":"","_monsterinsights_sitenote_category":0,"footnotes":""},"categories":[4,13],"tags":[],"class_list":["post-6936","post","type-post","status-publish","format-standard","has-post-thumbnail","hentry","category-cidade","category-entretenimento"],"_links":{"self":[{"href":"https:\/\/acontecenafronteira.com.br\/index.php\/wp-json\/wp\/v2\/posts\/6936","targetHints":{"allow":["GET"]}}],"collection":[{"href":"https:\/\/acontecenafronteira.com.br\/index.php\/wp-json\/wp\/v2\/posts"}],"about":[{"href":"https:\/\/acontecenafronteira.com.br\/index.php\/wp-json\/wp\/v2\/types\/post"}],"author":[{"embeddable":true,"href":"https:\/\/acontecenafronteira.com.br\/index.php\/wp-json\/wp\/v2\/users\/2"}],"replies":[{"embeddable":true,"href":"https:\/\/acontecenafronteira.com.br\/index.php\/wp-json\/wp\/v2\/comments?post=6936"}],"version-history":[{"count":1,"href":"https:\/\/acontecenafronteira.com.br\/index.php\/wp-json\/wp\/v2\/posts\/6936\/revisions"}],"predecessor-version":[{"id":6938,"href":"https:\/\/acontecenafronteira.com.br\/index.php\/wp-json\/wp\/v2\/posts\/6936\/revisions\/6938"}],"wp:featuredmedia":[{"embeddable":true,"href":"https:\/\/acontecenafronteira.com.br\/index.php\/wp-json\/wp\/v2\/media\/6937"}],"wp:attachment":[{"href":"https:\/\/acontecenafronteira.com.br\/index.php\/wp-json\/wp\/v2\/media?parent=6936"}],"wp:term":[{"taxonomy":"category","embeddable":true,"href":"https:\/\/acontecenafronteira.com.br\/index.php\/wp-json\/wp\/v2\/categories?post=6936"},{"taxonomy":"post_tag","embeddable":true,"href":"https:\/\/acontecenafronteira.com.br\/index.php\/wp-json\/wp\/v2\/tags?post=6936"}],"curies":[{"name":"wp","href":"https:\/\/api.w.org\/{rel}","templated":true}]}}