{"id":6882,"date":"2022-03-10T09:41:50","date_gmt":"2022-03-10T12:41:50","guid":{"rendered":"https:\/\/acontecenafronteira.com.br\/?p=6882"},"modified":"2022-03-10T09:41:51","modified_gmt":"2022-03-10T12:41:51","slug":"destino-iguacu-participa-de-evento-para-divulgacao-do-turismo-de-eventos","status":"publish","type":"post","link":"https:\/\/acontecenafronteira.com.br\/index.php\/2022\/03\/10\/destino-iguacu-participa-de-evento-para-divulgacao-do-turismo-de-eventos\/","title":{"rendered":"Destino Igua\u00e7u participa de evento para divulga\u00e7\u00e3o do turismo de eventos"},"content":{"rendered":"\n<p>O LACTE 2022 tem como tem\u00e1tica a cria\u00e7\u00e3o de turismo baseado na sustentabilidade e inclus\u00e3o<\/p>\n\n\n\n<p>A Secretaria Municipal de Turismo e Projetos Estrat\u00e9gicos, em parceria com o Visit Iguassu, est\u00e3o em S\u00e3o Paulo para participarem do LACTE 2022, evento com mais de 600 pessoas voltado para o setor de viagens e eventos corporativos.&nbsp;<br><br>O tema desta 17\u00aa edi\u00e7\u00e3o \u00e9 \u201cBuild Back Together\u201d \u2013 com a mensagem sobre a import\u00e2ncia de criar e construir o novo, em termos de sustentabilidade, equidade e inclus\u00e3o, com foco na reconstru\u00e7\u00e3o de uma nova ind\u00fastria que conecta as pessoas para transformar o mundo.&nbsp;&nbsp;<br><br>A equipe que est\u00e1 representando a cidade visa estabelecer contato direto com os gestores de viagens e eventos corporativos, gerando a oportunidade de ofertar o munic\u00edpio como sede para os eventos. A estrat\u00e9gia de divulga\u00e7\u00e3o \u00e9 tra\u00e7ada pela Gest\u00e3o Integrada de Turismo de Foz do Igua\u00e7u.<br><br>Trata-se tamb\u00e9m de uma oportunidade de reencontro com os gestores de viagens e eventos corporativos e, neste momento de retomada, buscar visibilidade por meio da divulga\u00e7\u00e3o da oferta tur\u00edstica de Foz.<\/p>\n","protected":false},"excerpt":{"rendered":"<p>O LACTE 2022 tem como tem\u00e1tica a cria\u00e7\u00e3o de turismo baseado na sustentabilidade e inclus\u00e3o A Secretaria Municipal de Turismo e Projetos Estrat\u00e9gicos, em parceria com o Visit Iguassu, est\u00e3o em S\u00e3o Paulo para participarem do LACTE 2022, evento com mais de 600 pessoas voltado para o setor de viagens e eventos corporativos.&nbsp; O tema [&hellip;]<\/p>\n","protected":false},"author":2,"featured_media":6883,"comment_status":"open","ping_status":"open","sticky":false,"template":"","format":"standard","meta":{"om_disable_all_campaigns":false,"_monsterinsights_skip_tracking":false,"_monsterinsights_sitenote_active":false,"_monsterinsights_sitenote_note":"","_monsterinsights_sitenote_category":0,"footnotes":""},"categories":[9],"tags":[],"class_list":["post-6882","post","type-post","status-publish","format-standard","has-post-thumbnail","hentry","category-turismo"],"_links":{"self":[{"href":"https:\/\/acontecenafronteira.com.br\/index.php\/wp-json\/wp\/v2\/posts\/6882","targetHints":{"allow":["GET"]}}],"collection":[{"href":"https:\/\/acontecenafronteira.com.br\/index.php\/wp-json\/wp\/v2\/posts"}],"about":[{"href":"https:\/\/acontecenafronteira.com.br\/index.php\/wp-json\/wp\/v2\/types\/post"}],"author":[{"embeddable":true,"href":"https:\/\/acontecenafronteira.com.br\/index.php\/wp-json\/wp\/v2\/users\/2"}],"replies":[{"embeddable":true,"href":"https:\/\/acontecenafronteira.com.br\/index.php\/wp-json\/wp\/v2\/comments?post=6882"}],"version-history":[{"count":1,"href":"https:\/\/acontecenafronteira.com.br\/index.php\/wp-json\/wp\/v2\/posts\/6882\/revisions"}],"predecessor-version":[{"id":6884,"href":"https:\/\/acontecenafronteira.com.br\/index.php\/wp-json\/wp\/v2\/posts\/6882\/revisions\/6884"}],"wp:featuredmedia":[{"embeddable":true,"href":"https:\/\/acontecenafronteira.com.br\/index.php\/wp-json\/wp\/v2\/media\/6883"}],"wp:attachment":[{"href":"https:\/\/acontecenafronteira.com.br\/index.php\/wp-json\/wp\/v2\/media?parent=6882"}],"wp:term":[{"taxonomy":"category","embeddable":true,"href":"https:\/\/acontecenafronteira.com.br\/index.php\/wp-json\/wp\/v2\/categories?post=6882"},{"taxonomy":"post_tag","embeddable":true,"href":"https:\/\/acontecenafronteira.com.br\/index.php\/wp-json\/wp\/v2\/tags?post=6882"}],"curies":[{"name":"wp","href":"https:\/\/api.w.org\/{rel}","templated":true}]}}